{"id":5964,"date":"2018-10-30T01:00:27","date_gmt":"2018-10-30T00:00:27","guid":{"rendered":"http:\/\/lfv-oberholz.de\/cms\/?p=5964"},"modified":"2018-11-16T01:14:06","modified_gmt":"2018-11-16T00:14:06","slug":"konni-mueller-willkommen-im-club-der-marathonlaeufer","status":"publish","type":"post","link":"https:\/\/lfv-oberholz.de\/cms\/konni-mueller-willkommen-im-club-der-marathonlaeufer\/","title":{"rendered":"Konni M\u00fcller, willkommen im Club der Marathonl\u00e4ufer"},"content":{"rendered":"<p>Zu viert starteten am vergangenen Sonnabend die Oberholzer Andrea &amp; <a href=\"https:\/\/lfv-oberholz.de\/cms\/athleten\/bauer-joerg\/\">J\u00f6rg Bauer<\/a> sowie Kornelia &amp; Dirk M\u00fcller mit der Reisegruppe &#8222;Team Leipzig Marathon&#8220; in die deutsche Finanzmetropole, nach Frankfurt. Nach einigen Stunden Anfahrt hie\u00df es erst einmal die Startunterlagen abholen. Anschlie\u00dfend konnte \u00fcber die Marathonmesse geschlendert und bei der Nudelparty einige Eindr\u00fccke von der Messehalle gesammelt werden. Danach fuhren alle gemeinsam mit dem Bus weiter ins Hotel. Die Abendgestaltung war teils organisiert und teils inividuell.<br \/>\nAm Sonntagmorgen, nach dem Fr\u00fchst\u00fcck, ging es dann gemeinsam ins Frankfurter Messegl\u00e4nde. Hier sammelten sich tausende Starter des Mainova Frankfurt Marathons. Aber auch sehr viele Zusachauer s\u00e4umten die Stra\u00dfen und feuerten bei eisigem Wind die L\u00e4ufer an. Andrea, J\u00f6rg, Dirk und Philip (M\u00fcller`s Sohnemann) waren unter den zahlreichen Fans, in diesem Fall speziell f\u00fcr unsere Konni und dann nat\u00fcrlich auch f\u00fcr alle anderen Leipziger Starter da. Konni M\u00fcller, locker wie beim Training, immer ein l\u00e4cheln auf dem Gesicht, spulte Kilometer f\u00fcr Kilometer ab. Man hatte den Eindruck, dass sie einen Laufausflug macht. Ein starker Auftritt von Konni hier in Frankfurt. Sie lief ihren ersten Marathon, mit wenig Vorbereitung, auf Ankommen und meisterte die 42,195 km in 3:43:59 h. Da kann sie echt stolz auf sich sein. Von den Eindr\u00fccken <!--more-->aber sicher auch einem kleinen Muskelkater wird sie einige Zeit etwas haben und sich sicherlich mit Freude daran zur\u00fcck erinnern.<br \/>\nGemeinsam trat dann das ganze &#8222;Team Leipzig Marathon&#8220; wieder mit dem Bus die Heimreise an.<\/p>\n<p>Frankfurt, auf Wiedesehen bis Oktober 2019.<\/p>\n","protected":false},"excerpt":{"rendered":"<p>Zu viert starteten am vergangenen Sonnabend die Oberholzer Andrea &amp; J\u00f6rg Bauer sowie Kornelia &amp; Dirk M\u00fcller mit der Reisegruppe &#8222;Team Leipzig Marathon&#8220; in die deutsche Finanzmetropole, nach Frankfurt. Nach einigen Stunden Anfahrt hie\u00df es erst einmal die Startunterlagen abholen. &hellip; <a href=\"https:\/\/lfv-oberholz.de\/cms\/konni-mueller-willkommen-im-club-der-marathonlaeufer\/\">Weiterlesen <span class=\"meta-nav\">&rarr;<\/span><\/a><\/p>\n","protected":false},"author":8,"featured_media":0,"comment_status":"closed","ping_status":"closed","sticky":false,"template":"","format":"standard","meta":{"pgc_sgb_lightbox_settings":"","footnotes":""},"categories":[5],"tags":[],"class_list":["post-5964","post","type-post","status-publish","format-standard","hentry","category-leichtathletik"],"_links":{"self":[{"href":"https:\/\/lfv-oberholz.de\/cms\/wp-json\/wp\/v2\/posts\/5964","targetHints":{"allow":["GET"]}}],"collection":[{"href":"https:\/\/lfv-oberholz.de\/cms\/wp-json\/wp\/v2\/posts"}],"about":[{"href":"https:\/\/lfv-oberholz.de\/cms\/wp-json\/wp\/v2\/types\/post"}],"author":[{"embeddable":true,"href":"https:\/\/lfv-oberholz.de\/cms\/wp-json\/wp\/v2\/users\/8"}],"replies":[{"embeddable":true,"href":"https:\/\/lfv-oberholz.de\/cms\/wp-json\/wp\/v2\/comments?post=5964"}],"version-history":[{"count":0,"href":"https:\/\/lfv-oberholz.de\/cms\/wp-json\/wp\/v2\/posts\/5964\/revisions"}],"wp:attachment":[{"href":"https:\/\/lfv-oberholz.de\/cms\/wp-json\/wp\/v2\/media?parent=5964"}],"wp:term":[{"taxonomy":"category","embeddable":true,"href":"https:\/\/lfv-oberholz.de\/cms\/wp-json\/wp\/v2\/categories?post=5964"},{"taxonomy":"post_tag","embeddable":true,"href":"https:\/\/lfv-oberholz.de\/cms\/wp-json\/wp\/v2\/tags?post=5964"}],"curies":[{"name":"wp","href":"https:\/\/api.w.org\/{rel}","templated":true}]}}