{"id":5979,"date":"2018-11-22T10:22:19","date_gmt":"2018-11-22T09:22:19","guid":{"rendered":"http:\/\/lfv-oberholz.de\/cms\/?p=5979"},"modified":"2019-01-01T19:45:11","modified_gmt":"2019-01-01T18:45:11","slug":"der-14-11-1998-war-die-geburtsstunde-des-lfv-oberholz","status":"publish","type":"post","link":"https:\/\/lfv-oberholz.de\/cms\/der-14-11-1998-war-die-geburtsstunde-des-lfv-oberholz\/","title":{"rendered":"Der 14.11.1998 war die Geburtsstunde des LFV Oberholz"},"content":{"rendered":"<p>&#8211; von Beatrice Schumann &#8211;<\/p>\n<p><a href=\"https:\/\/lfv-oberholz.de\/cms\/wp-content\/uploads\/IMG-20181120-WA0025.jpg\"><img loading=\"lazy\" decoding=\"async\" class=\"alignleft wp-image-5990\" src=\"https:\/\/lfv-oberholz.de\/cms\/wp-content\/uploads\/IMG-20181120-WA0025-300x225.jpg\" alt=\"IMG-20181120-WA0025\" width=\"137\" height=\"103\" srcset=\"https:\/\/lfv-oberholz.de\/cms\/wp-content\/uploads\/IMG-20181120-WA0025-300x225.jpg 300w, https:\/\/lfv-oberholz.de\/cms\/wp-content\/uploads\/IMG-20181120-WA0025-1024x768.jpg 1024w, https:\/\/lfv-oberholz.de\/cms\/wp-content\/uploads\/IMG-20181120-WA0025.jpg 1600w\" sizes=\"auto, (max-width: 137px) 100vw, 137px\" \/><\/a>J\u00f6rg Bauer und Freunde gr\u00fcndeten aus einem Lauftreff heraus den Lauf- und Freizeit-Verein (LFV) Oberholz.<br \/>\nZu Beginn gab es 13 Mitglieder und die Sportart Lauf. Mittlerweile ist der LFV erwachsen geworden und es gibt 242 Sportler davon finden 100 Kinder, 142 Jugendliche und Erwachsene ein sportliches Zuhause beim LFV. Zudem ist der Verein \u00fcber die Jahre sehr vielseitig geworden. So kann man sich heute in mehr als nur einer Sportart austoben. <!--more-->Hier mal eine \u00dcbersicht:<br \/>\n. Allgemeinsport<br \/>\n.\u00a0\u00a0\u00a0\u00a0 Gymnastik<br \/>\n.\u00a0\u00a0\u00a0\u00a0\u00a0\u00a0\u00a0\u00a0\u00a0 Freizeit \/ Org.-Team<br \/>\n.\u00a0\u00a0\u00a0\u00a0\u00a0\u00a0\u00a0\u00a0\u00a0\u00a0\u00a0\u00a0\u00a0\u00a0 Inlineskating<br \/>\n.\u00a0\u00a0\u00a0\u00a0\u00a0\u00a0\u00a0\u00a0\u00a0\u00a0\u00a0\u00a0\u00a0\u00a0\u00a0\u00a0\u00a0\u00a0\u00a0 Lauf (Leichtathletik)<br \/>\n.\u00a0\u00a0\u00a0\u00a0\u00a0\u00a0\u00a0\u00a0\u00a0\u00a0\u00a0\u00a0\u00a0\u00a0\u00a0\u00a0\u00a0\u00a0\u00a0\u00a0\u00a0\u00a0\u00a0\u00a0 Radsport<br \/>\n.\u00a0\u00a0\u00a0\u00a0\u00a0\u00a0\u00a0\u00a0\u00a0\u00a0\u00a0\u00a0\u00a0\u00a0\u00a0\u00a0\u00a0\u00a0\u00a0\u00a0\u00a0\u00a0\u00a0\u00a0\u00a0\u00a0\u00a0\u00a0\u00a0 Skilanglauf \/ Skike \/ Rollski \/ Skirollerlauf \/ (Biathlon)<br \/>\n.\u00a0\u00a0\u00a0\u00a0\u00a0\u00a0\u00a0\u00a0\u00a0\u00a0\u00a0\u00a0\u00a0\u00a0\u00a0\u00a0\u00a0\u00a0\u00a0\u00a0\u00a0\u00a0\u00a0\u00a0\u00a0\u00a0\u00a0\u00a0\u00a0\u00a0\u00a0\u00a0\u00a0\u00a0 Triathlon \/ Duathlon<br \/>\n.\u00a0\u00a0\u00a0\u00a0\u00a0\u00a0\u00a0\u00a0\u00a0\u00a0\u00a0\u00a0\u00a0\u00a0\u00a0\u00a0\u00a0\u00a0\u00a0\u00a0\u00a0\u00a0\u00a0\u00a0\u00a0\u00a0\u00a0\u00a0\u00a0\u00a0\u00a0\u00a0\u00a0\u00a0\u00a0\u00a0\u00a0\u00a0\u00a0 Walking \/ Wandern.<\/p>\n<p>Jedes Jahr, Mitte November gibt es die Mitglieder Versammlung und anschlie\u00dfend eine Mitglieder-\/Helferparty. Nur dieses Jahr feierten die LFV\u2018ler auch ihr 20-j\u00e4hriges Vereinsjubil\u00e4um.<br \/>\nZur Mitgliederversammlung wurden Zahlen\/Daten\/Fakten offen gelegt und besprochen. Es ist doch interessant, wie der Verein arbeitet und einmal im Jahr hinter die Kulissen zu schauen, ist auch mal fein.<\/p>\n<p>Nun aber zum Wichtigsten &#8211; die Mitglieder-\/Helferparty!<br \/>\n<a href=\"https:\/\/lfv-oberholz.de\/cms\/wp-content\/uploads\/IMG-20181120-WA0013.jpg\"><img loading=\"lazy\" decoding=\"async\" class=\"alignnone wp-image-5995\" src=\"https:\/\/lfv-oberholz.de\/cms\/wp-content\/uploads\/IMG-20181120-WA0013-300x225.jpg\" alt=\"IMG-20181120-WA0013\" width=\"316\" height=\"237\" srcset=\"https:\/\/lfv-oberholz.de\/cms\/wp-content\/uploads\/IMG-20181120-WA0013-300x225.jpg 300w, https:\/\/lfv-oberholz.de\/cms\/wp-content\/uploads\/IMG-20181120-WA0013-1024x768.jpg 1024w, https:\/\/lfv-oberholz.de\/cms\/wp-content\/uploads\/IMG-20181120-WA0013.jpg 1600w\" sizes=\"auto, (max-width: 316px) 100vw, 316px\" \/><\/a> <a href=\"https:\/\/lfv-oberholz.de\/cms\/wp-content\/uploads\/IMG-20181120-WA0014.jpg\"><img loading=\"lazy\" decoding=\"async\" class=\"alignnone wp-image-5996\" src=\"https:\/\/lfv-oberholz.de\/cms\/wp-content\/uploads\/IMG-20181120-WA0014-300x225.jpg\" alt=\"IMG-20181120-WA0014\" width=\"318\" height=\"238\" srcset=\"https:\/\/lfv-oberholz.de\/cms\/wp-content\/uploads\/IMG-20181120-WA0014-300x225.jpg 300w, https:\/\/lfv-oberholz.de\/cms\/wp-content\/uploads\/IMG-20181120-WA0014-1024x768.jpg 1024w, https:\/\/lfv-oberholz.de\/cms\/wp-content\/uploads\/IMG-20181120-WA0014.jpg 1600w\" sizes=\"auto, (max-width: 318px) 100vw, 318px\" \/><\/a> <a href=\"https:\/\/lfv-oberholz.de\/cms\/wp-content\/uploads\/IMG-20181120-WA0015.jpg\"><img loading=\"lazy\" decoding=\"async\" class=\"alignnone wp-image-5997\" src=\"https:\/\/lfv-oberholz.de\/cms\/wp-content\/uploads\/IMG-20181120-WA0015-300x225.jpg\" alt=\"IMG-20181120-WA0015\" width=\"316\" height=\"237\" srcset=\"https:\/\/lfv-oberholz.de\/cms\/wp-content\/uploads\/IMG-20181120-WA0015-300x225.jpg 300w, https:\/\/lfv-oberholz.de\/cms\/wp-content\/uploads\/IMG-20181120-WA0015-1024x768.jpg 1024w, https:\/\/lfv-oberholz.de\/cms\/wp-content\/uploads\/IMG-20181120-WA0015.jpg 1600w\" sizes=\"auto, (max-width: 316px) 100vw, 316px\" \/><\/a> <a href=\"https:\/\/lfv-oberholz.de\/cms\/wp-content\/uploads\/IMG-20181120-WA0017.jpg\"><img loading=\"lazy\" decoding=\"async\" class=\"alignnone wp-image-5998\" src=\"https:\/\/lfv-oberholz.de\/cms\/wp-content\/uploads\/IMG-20181120-WA0017-300x225.jpg\" alt=\"IMG-20181120-WA0017\" width=\"316\" height=\"237\" srcset=\"https:\/\/lfv-oberholz.de\/cms\/wp-content\/uploads\/IMG-20181120-WA0017-300x225.jpg 300w, https:\/\/lfv-oberholz.de\/cms\/wp-content\/uploads\/IMG-20181120-WA0017-1024x768.jpg 1024w, https:\/\/lfv-oberholz.de\/cms\/wp-content\/uploads\/IMG-20181120-WA0017.jpg 1600w\" sizes=\"auto, (max-width: 316px) 100vw, 316px\" \/><\/a><br \/>\nDer LFV l\u00e4dt jedes Jahr neben den Mitgliedern auch die Helfer ein. Denn der LFV ist vom St\u00f6rmthaler Seelauf, S\u00fcdraum-Marathon und vom Oberholzer Volkssportlauf der Ausrichter\/Organisator. Diese tollen Landschafts- und Crossl\u00e4ufe funktionieren nur mit unseren ehrenamtlichen Helfern. Egal ob Streckenposten, Verpflegung, Startunterlagenausgabe, Fotografen und Sprecher, Datenverwaltung der Anmeldungen. Oft muss auch die Strecke frei ger\u00e4umt, teilweise auch Ge\u00e4st verschnitten und die Wiese gem\u00e4ht werden. Im Vorfeld gibt es also immer viel Arbeit. Zum Lauftag selbst sind alle freudig angespannt, hoffen das alles klappt und das alle Sportler\/-innen mit Spa\u00df und Freude durch&#8217;s Ziel laufen. Danach ist flei\u00dfiges Aufr\u00e4umen angesagt.<br \/>\n<img loading=\"lazy\" decoding=\"async\" class=\"size-medium wp-image-5987 alignleft\" src=\"https:\/\/lfv-oberholz.de\/cms\/wp-content\/uploads\/IMG-20181120-WA0020-300x225.jpg\" alt=\"IMG-20181120-WA0020\" width=\"300\" height=\"225\" srcset=\"https:\/\/lfv-oberholz.de\/cms\/wp-content\/uploads\/IMG-20181120-WA0020-300x225.jpg 300w, https:\/\/lfv-oberholz.de\/cms\/wp-content\/uploads\/IMG-20181120-WA0020-1024x768.jpg 1024w, https:\/\/lfv-oberholz.de\/cms\/wp-content\/uploads\/IMG-20181120-WA0020.jpg 1600w\" sizes=\"auto, (max-width: 300px) 100vw, 300px\" \/> <a href=\"https:\/\/lfv-oberholz.de\/cms\/wp-content\/uploads\/IMG-20181120-WA0021.jpg\"><img loading=\"lazy\" decoding=\"async\" class=\"alignright wp-image-5988\" src=\"https:\/\/lfv-oberholz.de\/cms\/wp-content\/uploads\/IMG-20181120-WA0021-225x300.jpg\" alt=\"IMG-20181120-WA0021\" width=\"164\" height=\"219\" srcset=\"https:\/\/lfv-oberholz.de\/cms\/wp-content\/uploads\/IMG-20181120-WA0021-225x300.jpg 225w, https:\/\/lfv-oberholz.de\/cms\/wp-content\/uploads\/IMG-20181120-WA0021-768x1024.jpg 768w, https:\/\/lfv-oberholz.de\/cms\/wp-content\/uploads\/IMG-20181120-WA0021.jpg 1200w\" sizes=\"auto, (max-width: 164px) 100vw, 164px\" \/><\/a>Unsere Mitglieder- und Helferparty fetzt immer wieder, denn sie ist auch eine \u201cMitbringparty\u201c. Jeder kann, wenn er m\u00f6chte, was zu futtern mitbringen. So kommen die leckersten und vielseitigsten Sachen wie zum Beispiel, Soljanka, Wurstsalat, lecker Brot, Quinoasalat, Gem\u00fcsesalat, Eiersalat, experimentelle Muffin\u2018s, erstklassiger Apfelkuchen, und und und auf den Tisch. <a href=\"https:\/\/lfv-oberholz.de\/cms\/wp-content\/uploads\/IMG-20181120-WA0018.jpg\"><img loading=\"lazy\" decoding=\"async\" class=\"alignleft wp-image-5986 size-medium\" src=\"https:\/\/lfv-oberholz.de\/cms\/wp-content\/uploads\/IMG-20181120-WA0018-300x225.jpg\" alt=\"IMG-20181120-WA0018\" width=\"300\" height=\"225\" srcset=\"https:\/\/lfv-oberholz.de\/cms\/wp-content\/uploads\/IMG-20181120-WA0018-300x225.jpg 300w, https:\/\/lfv-oberholz.de\/cms\/wp-content\/uploads\/IMG-20181120-WA0018-1024x768.jpg 1024w, https:\/\/lfv-oberholz.de\/cms\/wp-content\/uploads\/IMG-20181120-WA0018.jpg 1600w\" sizes=\"auto, (max-width: 300px) 100vw, 300px\" \/><\/a>Zum 20ten gab es zus\u00e4tzlich vom Fleischer Uhlmann aus Gro\u00dfp\u00f6sna ein warmes Buffet.<br \/>\nCa. 70 LFV\u2018ler und Helfer kamen zur Party ins Sch\u00fctzenhaus nach Threna. Stephan, unser frisch verm\u00e4hlter Triathlet, war auch unser hauseigener DJ. Stephan hatte neben seiner Saskia und Running Dog auch seine Disco-Anlage dabei.<br \/>\nWenn viele Sportler und Helfer zusammen treffen, wird also viel gefuttert, gelacht, getanzt, gequatscht und es wurde geehrt. Mitgliedschaften von 20,15,10 Jahren sind doch ehrenswert.<br \/>\n<a href=\"https:\/\/lfv-oberholz.de\/cms\/wp-content\/uploads\/IMG-20181120-WA0011.jpg\"><img loading=\"lazy\" decoding=\"async\" class=\"alignright wp-image-5989\" src=\"https:\/\/lfv-oberholz.de\/cms\/wp-content\/uploads\/IMG-20181120-WA0011-300x225.jpg\" alt=\"IMG-20181120-WA0011\" width=\"295\" height=\"222\" srcset=\"https:\/\/lfv-oberholz.de\/cms\/wp-content\/uploads\/IMG-20181120-WA0011-300x225.jpg 300w, https:\/\/lfv-oberholz.de\/cms\/wp-content\/uploads\/IMG-20181120-WA0011-1024x768.jpg 1024w, https:\/\/lfv-oberholz.de\/cms\/wp-content\/uploads\/IMG-20181120-WA0011.jpg 1600w\" sizes=\"auto, (max-width: 295px) 100vw, 295px\" \/><\/a><br \/>\n20 Jahre, wie soll es anders sein, unser &#8222;Bauerclan&#8220;, J\u00f6rg ist nicht nur eines der Gr\u00fcndungsmitglieder, er hat auch den Vereinsvorsitz inne und er ist auch Familienoberhaupt. So kam es, dass auch gleich seine Frau Andrea sowie seine Kinder Kevin und Janine Bauer seit dem 14.11.98 LFV\u2018ler sind. Zudem Jens Herrmann, ein weiterer, welcher seit 20 Jahren als Mitglied dabei ist.<\/p>\n<p><a href=\"https:\/\/lfv-oberholz.de\/cms\/wp-content\/uploads\/IMG-20181120-WA0025.jpg\"><img loading=\"lazy\" decoding=\"async\" class=\"alignleft wp-image-5990\" src=\"https:\/\/lfv-oberholz.de\/cms\/wp-content\/uploads\/IMG-20181120-WA0025-300x225.jpg\" alt=\"IMG-20181120-WA0025\" width=\"295\" height=\"221\" srcset=\"https:\/\/lfv-oberholz.de\/cms\/wp-content\/uploads\/IMG-20181120-WA0025-300x225.jpg 300w, https:\/\/lfv-oberholz.de\/cms\/wp-content\/uploads\/IMG-20181120-WA0025-1024x768.jpg 1024w, https:\/\/lfv-oberholz.de\/cms\/wp-content\/uploads\/IMG-20181120-WA0025.jpg 1600w\" sizes=\"auto, (max-width: 295px) 100vw, 295px\" \/><\/a>Und so gab es noch 15 Jahre zu ehren: Heiko H\u00e4usler und Dr. Eberhard Winkler (unser Veranstaltungsarzt).<br \/>\nSeit 10 Jahren im LFV sind: Volker Hafkesbrink, Ines Krauspe, Eric Michel, Karsten Schubert, Manfred Thomas, Dr. Olaf Uebersch\u00e4r und Marc Werner.<\/p>\n<p>Viele Menschen tragen zu dem Wohle des Vereins bei, eine sportliche Gemeinschaft.<br \/>\nUnsere \u00dcbungsleiter, hier seien Kathrin Herrmann, J\u00f6rg Bauer, David Kleinig f\u00fcr Allgemeinsport und Ski sowie Marco Sander, der die Laufkids trainiert erw\u00e4hnt.<a href=\"https:\/\/lfv-oberholz.de\/cms\/wp-content\/uploads\/IMG-20181118-WA0001.jpg\"><img loading=\"lazy\" decoding=\"async\" class=\"alignnone wp-image-5999\" src=\"https:\/\/lfv-oberholz.de\/cms\/wp-content\/uploads\/IMG-20181118-WA0001-300x225.jpg\" alt=\"IMG-20181118-WA0001\" width=\"318\" height=\"238\" srcset=\"https:\/\/lfv-oberholz.de\/cms\/wp-content\/uploads\/IMG-20181118-WA0001-300x225.jpg 300w, https:\/\/lfv-oberholz.de\/cms\/wp-content\/uploads\/IMG-20181118-WA0001-1024x768.jpg 1024w, https:\/\/lfv-oberholz.de\/cms\/wp-content\/uploads\/IMG-20181118-WA0001.jpg 1600w\" sizes=\"auto, (max-width: 318px) 100vw, 318px\" \/><\/a> <a href=\"https:\/\/lfv-oberholz.de\/cms\/wp-content\/uploads\/IMG-20181118-WA0005.jpg\"><img loading=\"lazy\" decoding=\"async\" class=\"alignnone wp-image-6000\" src=\"https:\/\/lfv-oberholz.de\/cms\/wp-content\/uploads\/IMG-20181118-WA0005-300x225.jpg\" alt=\"IMG-20181118-WA0005\" width=\"316\" height=\"237\" srcset=\"https:\/\/lfv-oberholz.de\/cms\/wp-content\/uploads\/IMG-20181118-WA0005-300x225.jpg 300w, https:\/\/lfv-oberholz.de\/cms\/wp-content\/uploads\/IMG-20181118-WA0005-1024x768.jpg 1024w, https:\/\/lfv-oberholz.de\/cms\/wp-content\/uploads\/IMG-20181118-WA0005.jpg 1600w\" sizes=\"auto, (max-width: 316px) 100vw, 316px\" \/><\/a><br \/>\nEin Dank gilt allen, ob Kind, Mitglieder und oder Helfer, Vorstand aber auch unseren Athleten\/-innen, welche immer unter LFV Oberholz starten und somit den \u201cLFV\u201c in die Welt hinaus tragen.<\/p>\n<p>Zum Schluss, einen Wunsch hat unser J\u00f6rg, der sich mit Herzblut um unseren Verein k\u00fcmmert. Er kann sportlich selbst nicht so aktiv sein, er ist der Mann im Hintergrund, damit f\u00fcr uns alles rund l\u00e4uft. So w\u00fcnscht er sich, dass wir ihn an unseren sportlichen Erlebnissen teilhaben lassen. Er freut sich auf Berichte, egal ob 2 Zeilen oder 200, egal ob mit oder ohne Foto, egal ob es von anderen schon Berichte gab. Und weil er immer auf euch und eure Leistung stolz ist, m\u00f6chte er eure feinen Berichte auf unserer Website ver\u00f6ffentlichen.<br \/>\nEuren Beitrag zur W\u00fcnscheerf\u00fcllung k\u00f6nnt ihr an redaktion@lfv-oberholz.de senden.<\/p>\n<p>Wir, die LFV\u2018ler freuen uns auch sehr \u00fcber neue Sportler\/-innen die zu uns kommen um gemeinsam mit uns sportlich aktiv zu sein und einmal im Jahr mit uns zu feiern.<\/p>\n<p>Eure LFV\u2018lerin Bea<\/p>\n","protected":false},"excerpt":{"rendered":"<p>&#8211; von Beatrice Schumann &#8211; J\u00f6rg Bauer und Freunde gr\u00fcndeten aus einem Lauftreff heraus den Lauf- und Freizeit-Verein (LFV) Oberholz. Zu Beginn gab es 13 Mitglieder und die Sportart Lauf. Mittlerweile ist der LFV erwachsen geworden und es gibt 242 &hellip; <a href=\"https:\/\/lfv-oberholz.de\/cms\/der-14-11-1998-war-die-geburtsstunde-des-lfv-oberholz\/\">Weiterlesen <span class=\"meta-nav\">&rarr;<\/span><\/a><\/p>\n","protected":false},"author":6,"featured_media":0,"comment_status":"closed","ping_status":"closed","sticky":false,"template":"","format":"standard","meta":{"pgc_sgb_lightbox_settings":"","footnotes":""},"categories":[1],"tags":[],"class_list":["post-5979","post","type-post","status-publish","format-standard","hentry","category-allgemein"],"_links":{"self":[{"href":"https:\/\/lfv-oberholz.de\/cms\/wp-json\/wp\/v2\/posts\/5979","targetHints":{"allow":["GET"]}}],"collection":[{"href":"https:\/\/lfv-oberholz.de\/cms\/wp-json\/wp\/v2\/posts"}],"about":[{"href":"https:\/\/lfv-oberholz.de\/cms\/wp-json\/wp\/v2\/types\/post"}],"author":[{"embeddable":true,"href":"https:\/\/lfv-oberholz.de\/cms\/wp-json\/wp\/v2\/users\/6"}],"replies":[{"embeddable":true,"href":"https:\/\/lfv-oberholz.de\/cms\/wp-json\/wp\/v2\/comments?post=5979"}],"version-history":[{"count":0,"href":"https:\/\/lfv-oberholz.de\/cms\/wp-json\/wp\/v2\/posts\/5979\/revisions"}],"wp:attachment":[{"href":"https:\/\/lfv-oberholz.de\/cms\/wp-json\/wp\/v2\/media?parent=5979"}],"wp:term":[{"taxonomy":"category","embeddable":true,"href":"https:\/\/lfv-oberholz.de\/cms\/wp-json\/wp\/v2\/categories?post=5979"},{"taxonomy":"post_tag","embeddable":true,"href":"https:\/\/lfv-oberholz.de\/cms\/wp-json\/wp\/v2\/tags?post=5979"}],"curies":[{"name":"wp","href":"https:\/\/api.w.org\/{rel}","templated":true}]}}