{"id":6006,"date":"2018-11-22T09:23:07","date_gmt":"2018-11-22T08:23:07","guid":{"rendered":"http:\/\/lfv-oberholz.de\/cms\/?p=6006"},"modified":"2018-11-24T09:23:45","modified_gmt":"2018-11-24T08:23:45","slug":"leipziger-auewaldlauf-am-17-november-2018","status":"publish","type":"post","link":"https:\/\/lfv-oberholz.de\/cms\/leipziger-auewaldlauf-am-17-november-2018\/","title":{"rendered":"Leipziger Auewaldlauf am 17. November 2018"},"content":{"rendered":"<p>In der Leipziger S\u00fcdvorstadt, genauer im s\u00fcdlichen Auewald, fand am vergangenen Sonnabend der letzte Lauf zur Leipziger Stadtrangliste statt. Bei k\u00fchlen Temperaturen standen 2 km, 5,5 km, 10 sowie 20 km L\u00e4ufe auf dem Programm. Als erstes durften die j\u00fcngsten Teilnehmer \u00fcber 2 km an den Start. Vom LFV Oberholz waren Elias Werner, Meiko Schwarze und Pascal Bauer erfolgreich dabei. Leni Schwarze musste dann schon 5 km absolvieren. Die Erwachsenen hatten 20 km, 10 oder auch nur 5 km zur Auswahl. Allerdings f\u00fcr die Stadtranglistenwertung war dann je nach Altersklasse und Geschlecht eine Streckenl\u00e4nge vorgegeben. Zw\u00f6lf Oberholzer <!--more-->Sportfreunde waren neben den Kindern beim Lauf angetreten und ereichten folgende Zeiten und Platzierungen:<\/p>\n<p>auf 20 km<br \/>\n1:39:16 h, Michael Loth, 56. Platz ges., 7. Platz M50<br \/>\n1:42:00 h, Christoph Wippich, 65. Platz ges., 8. Platz M30<br \/>\n1:42:42 h, Till K\u00f6hler, 69. Platz ges., 7. Platz MHK<br \/>\n1:52:59 h, Lutz K\u00f6hler, 91. Platz ges., 10. Platz M55<\/p>\n<p>beim 10 km Lauf<br \/>\n0:39:19 h, Martin Schuster, 10. Platz ges, 9. Platz MG<br \/>\n0:45:21 h, Manfred Thomas, 48. Platz ges., 42. Platz M60<br \/>\n0:51:16 h, Michael Starke, 116. Platz ges., 85. Platz MG<br \/>\n0:52:24 h, Birgit Plewe, 122. Platz ges., 3. Platz W50<br \/>\n0:56:28 h, Diana Werner, 164. Platz ges., 8. Platz W35<br \/>\n1:05:47 h, Felix Fache, 243. Platz ges., 5. Platz M75<\/p>\n<p>\u00fcber 5,5 km<br \/>\n0:22:48 h, Marco Sander, 6. Platz ges., 5. Platz MG<br \/>\n0:31:42 h, Diana Schmidt, 44. Platz ges. 4. Platz WG<br \/>\n0:43:33 h, Leni Schwarze, 76. Platz ges., 8. Platz W12<\/p>\n<p>\u00fcber 2 km<br \/>\n0:07:30 h, Elias Werner, 2. Platz ges., 1. Platz M8<br \/>\n0:10:08 h, Meiko Schwarze, 16. Platz ges., 9. Platz M10<br \/>\n0:10:48 h, Pascal Bauer, 18. Platz ges., 2. Platz M8<\/p>\n","protected":false},"excerpt":{"rendered":"<p>In der Leipziger S\u00fcdvorstadt, genauer im s\u00fcdlichen Auewald, fand am vergangenen Sonnabend der letzte Lauf zur Leipziger Stadtrangliste statt. Bei k\u00fchlen Temperaturen standen 2 km, 5,5 km, 10 sowie 20 km L\u00e4ufe auf dem Programm. Als erstes durften die j\u00fcngsten &hellip; <a href=\"https:\/\/lfv-oberholz.de\/cms\/leipziger-auewaldlauf-am-17-november-2018\/\">Weiterlesen <span class=\"meta-nav\">&rarr;<\/span><\/a><\/p>\n","protected":false},"author":8,"featured_media":0,"comment_status":"closed","ping_status":"closed","sticky":false,"template":"","format":"standard","meta":{"pgc_sgb_lightbox_settings":"","footnotes":""},"categories":[5],"tags":[],"class_list":["post-6006","post","type-post","status-publish","format-standard","hentry","category-leichtathletik"],"_links":{"self":[{"href":"https:\/\/lfv-oberholz.de\/cms\/wp-json\/wp\/v2\/posts\/6006","targetHints":{"allow":["GET"]}}],"collection":[{"href":"https:\/\/lfv-oberholz.de\/cms\/wp-json\/wp\/v2\/posts"}],"about":[{"href":"https:\/\/lfv-oberholz.de\/cms\/wp-json\/wp\/v2\/types\/post"}],"author":[{"embeddable":true,"href":"https:\/\/lfv-oberholz.de\/cms\/wp-json\/wp\/v2\/users\/8"}],"replies":[{"embeddable":true,"href":"https:\/\/lfv-oberholz.de\/cms\/wp-json\/wp\/v2\/comments?post=6006"}],"version-history":[{"count":0,"href":"https:\/\/lfv-oberholz.de\/cms\/wp-json\/wp\/v2\/posts\/6006\/revisions"}],"wp:attachment":[{"href":"https:\/\/lfv-oberholz.de\/cms\/wp-json\/wp\/v2\/media?parent=6006"}],"wp:term":[{"taxonomy":"category","embeddable":true,"href":"https:\/\/lfv-oberholz.de\/cms\/wp-json\/wp\/v2\/categories?post=6006"},{"taxonomy":"post_tag","embeddable":true,"href":"https:\/\/lfv-oberholz.de\/cms\/wp-json\/wp\/v2\/tags?post=6006"}],"curies":[{"name":"wp","href":"https:\/\/api.w.org\/{rel}","templated":true}]}}