{"id":6046,"date":"2018-12-12T00:47:15","date_gmt":"2018-12-11T23:47:15","guid":{"rendered":"http:\/\/lfv-oberholz.de\/cms\/?p=6046"},"modified":"2019-01-01T19:45:59","modified_gmt":"2019-01-01T18:45:59","slug":"der-lfv-am-9-dezember-beim-eulaer-adventslauf","status":"publish","type":"post","link":"https:\/\/lfv-oberholz.de\/cms\/der-lfv-am-9-dezember-beim-eulaer-adventslauf\/","title":{"rendered":"Der LFV am 9. Dezember beim Eulaer Adventslauf"},"content":{"rendered":"<p>Auch wenn bei\u00a0 dieser Veranstaltung die Teilnehmerzahl limitiert ist, lassen sich unsere Sportfreunde eine Teilnahme daran nicht nehmen. Einen so liebevollen Lauf l\u00e4sst man sich doch ungern entgehen. Also hie\u00df es, sich rechtzeitig anzumelden.<br \/>\n<a href=\"https:\/\/lfv-oberholz.de\/cms\/wp-content\/uploads\/IMG_20181209_094524.jpg\"><img loading=\"lazy\" decoding=\"async\" class=\"alignleft wp-image-6048 size-medium\" src=\"https:\/\/lfv-oberholz.de\/cms\/wp-content\/uploads\/IMG_20181209_094524-300x224.jpg\" alt=\"bty\" width=\"300\" height=\"224\" srcset=\"https:\/\/lfv-oberholz.de\/cms\/wp-content\/uploads\/IMG_20181209_094524-300x224.jpg 300w, https:\/\/lfv-oberholz.de\/cms\/wp-content\/uploads\/IMG_20181209_094524-1024x768.jpg 1024w\" sizes=\"auto, (max-width: 300px) 100vw, 300px\" \/><\/a>Auf allen Streckenl\u00e4ngen und Disziplinen war der LFV Oberholz vertreten. <a href=\"https:\/\/lfv-oberholz.de\/cms\/athleten\/bauer-pascal\/\">Pascal Bauer<\/a> nahm am Bambinilauf mit dem Nikolaus teil und freute sich im Ziel \u00fcber ein Exemplar aus Schokolade. W\u00e4hrend alle Kinder in der Turnhalle vom Nikolaus pers\u00f6nlich noch ein kleines Geschenk in Empfang nahmen, lief der Adventslauf im vollen Gange. Die 9 km-L\u00e4ufer waren bereits gestartet. Auch die Walker \u00fcber 5 km und alle Teilnhemer beim 3 km-Lauf gingen in Minutenabst\u00e4nden danach auf ihre Strecken. F\u00fcr den LFV waren 12 Sportfreunde angetreten. Zwei <!--more-->weitere liefen Inkognito.<\/p>\n<p>Hier die Ergebnisse:<\/p>\n<p><strong>9 km Lauf<\/strong><br \/>\n(34:36 min, Anna Kristin Fischer, 11. Platz total, 1. Platz w, 1. Platz AK W20)<br \/>\n39:35 min, <a href=\"https:\/\/lfv-oberholz.de\/cms\/athleten\/koehler-till\/\">Till K\u00f6hler<\/a>, 32. Platz total, 31. Platz m, 5. Platz AK M20<br \/>\n40:06 min, Marco Fischer, 38. Platz total, 36. Platz m, 4. Platz AK M45<br \/>\n41:55 min, Kornelia M\u00fcller, 53. Platz total, 4. Platz w, 1. Platz AK W50<br \/>\n44:46 min, <a href=\"https:\/\/lfv-oberholz.de\/cms\/athleten\/makrlik-nadine\/\">Nadine Makrlik<\/a>, 86. Platz total, 9. Platz w, 3. Platz AK W35<br \/>\n47:25 min, <a href=\"https:\/\/lfv-oberholz.de\/cms\/athleten\/koehler-lutz\/\">Lutz K\u00f6hler<\/a>, 119. Platz total, 101. Platz m, 4. Platz AK M55<\/p>\n<p><strong>3 km Lauf<\/strong><br \/>\n(11:57 min, Marie Luise Fischer, 16. Platz total, 4. Platz ges. w, 3. Platz AK Sch\u00fcler w)<br \/>\n<a href=\"https:\/\/lfv-oberholz.de\/cms\/wp-content\/uploads\/IMG_20181209_102419.jpg\"><img loading=\"lazy\" decoding=\"async\" class=\"alignleft wp-image-6060 size-medium\" src=\"https:\/\/lfv-oberholz.de\/cms\/wp-content\/uploads\/IMG_20181209_102419-224x300.jpg\" alt=\"bty\" width=\"224\" height=\"300\" srcset=\"https:\/\/lfv-oberholz.de\/cms\/wp-content\/uploads\/IMG_20181209_102419-224x300.jpg 224w, https:\/\/lfv-oberholz.de\/cms\/wp-content\/uploads\/IMG_20181209_102419-768x1024.jpg 768w\" sizes=\"auto, (max-width: 224px) 100vw, 224px\" \/><\/a>19:25 min, Mikkeline K\u00fchn, 152. Platz total, 69. Platz w, 35. Platz AK Sch\u00fcler w<br \/>\n19:26 min, Silke Petrausch-K\u00fchn, 153. Platz total, 70. Platz w, 7. Platz AK W40<br \/>\n<a href=\"https:\/\/lfv-oberholz.de\/cms\/wp-content\/uploads\/IMG_20181209_102509.jpg\"><img loading=\"lazy\" decoding=\"async\" class=\"alignright wp-image-6059\" src=\"https:\/\/lfv-oberholz.de\/cms\/wp-content\/uploads\/IMG_20181209_102509-224x300.jpg\" alt=\"bty\" width=\"366\" height=\"490\" \/><\/a><br \/>\n20:27 min, Finja K\u00fchn, 163. Platz otal, 75. Platz w, 39. Platz AK Sch\u00fcler w<br \/>\n20:29 min, Michael K\u00fchn, 164. Platz total, 89. Platz m, 8. Platz AK M40<\/p>\n<p><strong>5 km Walking<br \/>\n(ohne Zeiterfassung)<\/strong><br \/>\nColette Fell<br \/>\nHelmut Fell<\/p>\n<p>.<\/p>\n<p><strong>Bambinilauf (ohne Zeiterfassung)<\/strong> <a href=\"https:\/\/lfv-oberholz.de\/cms\/wp-content\/uploads\/IMG_20181209_095114.jpg\"><img loading=\"lazy\" decoding=\"async\" class=\"alignright wp-image-6056\" src=\"https:\/\/lfv-oberholz.de\/cms\/wp-content\/uploads\/IMG_20181209_095114-224x300.jpg\" alt=\"bty\" width=\"252\" height=\"338\" \/><\/a><br \/>\n<a href=\"https:\/\/lfv-oberholz.de\/cms\/wp-content\/uploads\/IMG_20181209_095029_1.jpg\"><img loading=\"lazy\" decoding=\"async\" class=\"alignleft wp-image-6055\" src=\"https:\/\/lfv-oberholz.de\/cms\/wp-content\/uploads\/IMG_20181209_095029_1-300x224.jpg\" alt=\"bty\" width=\"340\" height=\"253\" \/><\/a><a href=\"https:\/\/lfv-oberholz.de\/cms\/athleten\/bauer-pascal\/\">Pascal Bauer<\/a><\/p>\n","protected":false},"excerpt":{"rendered":"<p>Auch wenn bei\u00a0 dieser Veranstaltung die Teilnehmerzahl limitiert ist, lassen sich unsere Sportfreunde eine Teilnahme daran nicht nehmen. Einen so liebevollen Lauf l\u00e4sst man sich doch ungern entgehen. Also hie\u00df es, sich rechtzeitig anzumelden. Auf allen Streckenl\u00e4ngen und Disziplinen war &hellip; <a href=\"https:\/\/lfv-oberholz.de\/cms\/der-lfv-am-9-dezember-beim-eulaer-adventslauf\/\">Weiterlesen <span class=\"meta-nav\">&rarr;<\/span><\/a><\/p>\n","protected":false},"author":6,"featured_media":0,"comment_status":"closed","ping_status":"closed","sticky":false,"template":"","format":"standard","meta":{"pgc_sgb_lightbox_settings":"","footnotes":""},"categories":[5],"tags":[],"class_list":["post-6046","post","type-post","status-publish","format-standard","hentry","category-leichtathletik"],"_links":{"self":[{"href":"https:\/\/lfv-oberholz.de\/cms\/wp-json\/wp\/v2\/posts\/6046","targetHints":{"allow":["GET"]}}],"collection":[{"href":"https:\/\/lfv-oberholz.de\/cms\/wp-json\/wp\/v2\/posts"}],"about":[{"href":"https:\/\/lfv-oberholz.de\/cms\/wp-json\/wp\/v2\/types\/post"}],"author":[{"embeddable":true,"href":"https:\/\/lfv-oberholz.de\/cms\/wp-json\/wp\/v2\/users\/6"}],"replies":[{"embeddable":true,"href":"https:\/\/lfv-oberholz.de\/cms\/wp-json\/wp\/v2\/comments?post=6046"}],"version-history":[{"count":0,"href":"https:\/\/lfv-oberholz.de\/cms\/wp-json\/wp\/v2\/posts\/6046\/revisions"}],"wp:attachment":[{"href":"https:\/\/lfv-oberholz.de\/cms\/wp-json\/wp\/v2\/media?parent=6046"}],"wp:term":[{"taxonomy":"category","embeddable":true,"href":"https:\/\/lfv-oberholz.de\/cms\/wp-json\/wp\/v2\/categories?post=6046"},{"taxonomy":"post_tag","embeddable":true,"href":"https:\/\/lfv-oberholz.de\/cms\/wp-json\/wp\/v2\/tags?post=6046"}],"curies":[{"name":"wp","href":"https:\/\/api.w.org\/{rel}","templated":true}]}}