{"id":6136,"date":"2019-01-12T11:18:39","date_gmt":"2019-01-12T10:18:39","guid":{"rendered":"http:\/\/lfv-oberholz.de\/cms\/?p=6136"},"modified":"2019-01-19T20:49:40","modified_gmt":"2019-01-19T19:49:40","slug":"leipziger-brueckenlauf-am-6-januar","status":"publish","type":"post","link":"https:\/\/lfv-oberholz.de\/cms\/leipziger-brueckenlauf-am-6-januar\/","title":{"rendered":"Leipziger Br\u00fcckenlauf am 6. Januar"},"content":{"rendered":"<p><a href=\"https:\/\/lfv-oberholz.de\/cms\/wp-content\/uploads\/FB_IMG_1546798253837.jpg\"><img loading=\"lazy\" decoding=\"async\" class=\"alignnone wp-image-6137 size-medium\" src=\"https:\/\/lfv-oberholz.de\/cms\/wp-content\/uploads\/FB_IMG_1546798253837-300x200.jpg\" alt=\"FB_IMG_1546798253837\" width=\"300\" height=\"200\" srcset=\"https:\/\/lfv-oberholz.de\/cms\/wp-content\/uploads\/FB_IMG_1546798253837-300x200.jpg 300w, https:\/\/lfv-oberholz.de\/cms\/wp-content\/uploads\/FB_IMG_1546798253837-1024x682.jpg 1024w, https:\/\/lfv-oberholz.de\/cms\/wp-content\/uploads\/FB_IMG_1546798253837.jpg 1080w\" sizes=\"auto, (max-width: 300px) 100vw, 300px\" \/><\/a> <a href=\"https:\/\/lfv-oberholz.de\/cms\/wp-content\/uploads\/FB_IMG_1546798271165.jpg\"><img loading=\"lazy\" decoding=\"async\" class=\"alignnone wp-image-6138 size-medium\" src=\"https:\/\/lfv-oberholz.de\/cms\/wp-content\/uploads\/FB_IMG_1546798271165-300x200.jpg\" alt=\"FB_IMG_1546798271165\" width=\"300\" height=\"200\" srcset=\"https:\/\/lfv-oberholz.de\/cms\/wp-content\/uploads\/FB_IMG_1546798271165-300x200.jpg 300w, https:\/\/lfv-oberholz.de\/cms\/wp-content\/uploads\/FB_IMG_1546798271165-1024x682.jpg 1024w, https:\/\/lfv-oberholz.de\/cms\/wp-content\/uploads\/FB_IMG_1546798271165.jpg 1080w\" sizes=\"auto, (max-width: 300px) 100vw, 300px\" \/><\/a><br \/>\nMarc Werner und Thomas Galle waren dabei und absolvierten die 12 km. Marc ben\u00f6tigte hierf\u00fcr 44:10 min und belegte als Altersklassensieger Rang 8 insgesamt. Thomas war in 47:35 min im Ziel. Dies reichte f\u00fcr Platz 6 in der M35 sowie <!--more-->Platz 19 gesamt.<br \/>\n<a href=\"https:\/\/lfv-oberholz.de\/cms\/wp-content\/uploads\/FB_IMG_1546798634429.jpg\"><img loading=\"lazy\" decoding=\"async\" class=\"alignnone wp-image-6139 size-medium\" src=\"https:\/\/lfv-oberholz.de\/cms\/wp-content\/uploads\/FB_IMG_1546798634429-300x200.jpg\" alt=\"FB_IMG_1546798634429\" width=\"300\" height=\"200\" srcset=\"https:\/\/lfv-oberholz.de\/cms\/wp-content\/uploads\/FB_IMG_1546798634429-300x200.jpg 300w, https:\/\/lfv-oberholz.de\/cms\/wp-content\/uploads\/FB_IMG_1546798634429-1024x682.jpg 1024w, https:\/\/lfv-oberholz.de\/cms\/wp-content\/uploads\/FB_IMG_1546798634429.jpg 1080w\" sizes=\"auto, (max-width: 300px) 100vw, 300px\" \/><\/a><\/p>\n","protected":false},"excerpt":{"rendered":"<p>Marc Werner und Thomas Galle waren dabei und absolvierten die 12 km. Marc ben\u00f6tigte hierf\u00fcr 44:10 min und belegte als Altersklassensieger Rang 8 insgesamt. Thomas war in 47:35 min im Ziel. Dies reichte f\u00fcr Platz 6 in der M35 sowie<\/p>\n","protected":false},"author":8,"featured_media":0,"comment_status":"closed","ping_status":"closed","sticky":false,"template":"","format":"standard","meta":{"pgc_sgb_lightbox_settings":"","footnotes":""},"categories":[5],"tags":[],"class_list":["post-6136","post","type-post","status-publish","format-standard","hentry","category-leichtathletik"],"_links":{"self":[{"href":"https:\/\/lfv-oberholz.de\/cms\/wp-json\/wp\/v2\/posts\/6136","targetHints":{"allow":["GET"]}}],"collection":[{"href":"https:\/\/lfv-oberholz.de\/cms\/wp-json\/wp\/v2\/posts"}],"about":[{"href":"https:\/\/lfv-oberholz.de\/cms\/wp-json\/wp\/v2\/types\/post"}],"author":[{"embeddable":true,"href":"https:\/\/lfv-oberholz.de\/cms\/wp-json\/wp\/v2\/users\/8"}],"replies":[{"embeddable":true,"href":"https:\/\/lfv-oberholz.de\/cms\/wp-json\/wp\/v2\/comments?post=6136"}],"version-history":[{"count":0,"href":"https:\/\/lfv-oberholz.de\/cms\/wp-json\/wp\/v2\/posts\/6136\/revisions"}],"wp:attachment":[{"href":"https:\/\/lfv-oberholz.de\/cms\/wp-json\/wp\/v2\/media?parent=6136"}],"wp:term":[{"taxonomy":"category","embeddable":true,"href":"https:\/\/lfv-oberholz.de\/cms\/wp-json\/wp\/v2\/categories?post=6136"},{"taxonomy":"post_tag","embeddable":true,"href":"https:\/\/lfv-oberholz.de\/cms\/wp-json\/wp\/v2\/tags?post=6136"}],"curies":[{"name":"wp","href":"https:\/\/api.w.org\/{rel}","templated":true}]}}