{"id":6160,"date":"2019-01-22T20:43:37","date_gmt":"2019-01-22T19:43:37","guid":{"rendered":"http:\/\/lfv-oberholz.de\/cms\/?p=6160"},"modified":"2019-02-01T21:42:31","modified_gmt":"2019-02-01T20:42:31","slug":"der-leipziger-wintermarathon","status":"publish","type":"post","link":"https:\/\/lfv-oberholz.de\/cms\/der-leipziger-wintermarathon\/","title":{"rendered":"Der Leipziger Wintermarathon"},"content":{"rendered":"<p>&#8230; fand am 19. Januar seine 10. Auflage. Anl\u00e4sslich des Jubil\u00e4ums gab es erstmals auch den Halbmarathon als Alterntive. Unter den angetretenen Teams sichteten wir Marnfred Thomas und <a href=\"https:\/\/lfv-oberholz.de\/cms\/athleten\/schumann-rene\/\">Rene Schumann<\/a>. Frank Reiche suchte kurzfristig, vergebens nach einem noch teilnehmersuchenden Team und drehte dann halt nur einige Trainingsrunden. Nat\u00fcrlich waren noch viele weitere Freunde der angenehmen Leipziger Laufszene unter den Teilnehmern zu finden. &#8222;Die Findlinge&#8220; mit <!--more-->Rene Schumann ben\u00f6tigten 3:15:41 h f\u00fcr den Marathon. Damit verfehlten sie mit weniger als zwei min den 3. Platz. Sehr schade &#8211; aber eine gute Laufzeit bleibt. Manfred Thomas starte im Team &#8222;3 Brocken&#8220;, gemeinsam mit weiteren Teilnehmern des Brockenmarathons. Sie ben\u00f6tigten f\u00fcr die gleiche Distanz 3:56:48 h und belegten Rang 14 bei den M\u00e4nnern. In der Sonderwertung \u00dc 150 (Gesamtalter des Teams) belegte das Trio sogar den 2. Podestplatz.<\/p>\n","protected":false},"excerpt":{"rendered":"<p>&#8230; fand am 19. Januar seine 10. Auflage. Anl\u00e4sslich des Jubil\u00e4ums gab es erstmals auch den Halbmarathon als Alterntive. Unter den angetretenen Teams sichteten wir Marnfred Thomas und Rene Schumann. Frank Reiche suchte kurzfristig, vergebens nach einem noch teilnehmersuchenden Team &hellip; <a href=\"https:\/\/lfv-oberholz.de\/cms\/der-leipziger-wintermarathon\/\">Weiterlesen <span class=\"meta-nav\">&rarr;<\/span><\/a><\/p>\n","protected":false},"author":6,"featured_media":0,"comment_status":"closed","ping_status":"closed","sticky":false,"template":"","format":"standard","meta":{"pgc_sgb_lightbox_settings":"","footnotes":""},"categories":[5],"tags":[],"class_list":["post-6160","post","type-post","status-publish","format-standard","hentry","category-leichtathletik"],"_links":{"self":[{"href":"https:\/\/lfv-oberholz.de\/cms\/wp-json\/wp\/v2\/posts\/6160","targetHints":{"allow":["GET"]}}],"collection":[{"href":"https:\/\/lfv-oberholz.de\/cms\/wp-json\/wp\/v2\/posts"}],"about":[{"href":"https:\/\/lfv-oberholz.de\/cms\/wp-json\/wp\/v2\/types\/post"}],"author":[{"embeddable":true,"href":"https:\/\/lfv-oberholz.de\/cms\/wp-json\/wp\/v2\/users\/6"}],"replies":[{"embeddable":true,"href":"https:\/\/lfv-oberholz.de\/cms\/wp-json\/wp\/v2\/comments?post=6160"}],"version-history":[{"count":0,"href":"https:\/\/lfv-oberholz.de\/cms\/wp-json\/wp\/v2\/posts\/6160\/revisions"}],"wp:attachment":[{"href":"https:\/\/lfv-oberholz.de\/cms\/wp-json\/wp\/v2\/media?parent=6160"}],"wp:term":[{"taxonomy":"category","embeddable":true,"href":"https:\/\/lfv-oberholz.de\/cms\/wp-json\/wp\/v2\/categories?post=6160"},{"taxonomy":"post_tag","embeddable":true,"href":"https:\/\/lfv-oberholz.de\/cms\/wp-json\/wp\/v2\/tags?post=6160"}],"curies":[{"name":"wp","href":"https:\/\/api.w.org\/{rel}","templated":true}]}}