{"id":7286,"date":"2019-08-14T23:10:27","date_gmt":"2019-08-14T21:10:27","guid":{"rendered":"http:\/\/lfv-oberholz.de\/cms\/?p=7286"},"modified":"2019-08-20T20:10:22","modified_gmt":"2019-08-20T18:10:22","slug":"bornsdorf-triathlon-oder-ringelnatzlauf-oder-beides","status":"publish","type":"post","link":"https:\/\/lfv-oberholz.de\/cms\/bornsdorf-triathlon-oder-ringelnatzlauf-oder-beides\/","title":{"rendered":"Bornsdorf-Triathlon oder Ringelnatzlauf oder beides?"},"content":{"rendered":"<p>&#8211; von Ina Uebersch\u00e4r &#8211;<\/p>\n<p>Der Sommer ist kurz und damit die Triathlonsaison immer schnell vorbei.<\/p>\n<p>Am Samstag (10.08.2019) fand der Bornsdorf-Triathlon in Brandenburg bei Luckau statt. Aber der Ringelnatzlauf am Sonntag (11.08.2019) ist auch sch\u00f6n und mit Wurzen in unmittelbarer N\u00e4he.<\/p>\n<p>Da ich mich schwer entscheiden konnte, habe ich einfach an beiden Wettk\u00e4mpfen teilgenommen, am Sprinttriathlon in Bornsdorf und am Folgetag am 5 km Lauf in Wurzen.<\/p>\n<p>In Bornsdorf waren auch Bea und Ren\u00e9 Schumann aus unserem Verein am Start (Bea beim Sprint und Ren\u00e9 auf der olympischen Distanz). Beide waren optisch (mit der neuen Vereinskleidung) und sportlich sehr gut unterwegs und haben es in ihrer AK zu jeweils 4. Pl\u00e4tzen gebracht.<br \/>\nDank der sehr gelichteten Starterzahlen in den h\u00f6heren Seniorinnenklassen hat es bei mir sogar zum 2. Platz in meiner AK gereicht.<\/p>\n<p><a href=\"https:\/\/lfv-oberholz.de\/cms\/wp-content\/uploads\/20190811_112926.jpg\"><img loading=\"lazy\" decoding=\"async\" class=\"alignright wp-image-7288 size-medium\" src=\"https:\/\/lfv-oberholz.de\/cms\/wp-content\/uploads\/20190811_112926-300x168.jpg\" alt=\"20190811_112926\" width=\"300\" height=\"168\" srcset=\"https:\/\/lfv-oberholz.de\/cms\/wp-content\/uploads\/20190811_112926-300x168.jpg 300w, https:\/\/lfv-oberholz.de\/cms\/wp-content\/uploads\/20190811_112926-1024x576.jpg 1024w\" sizes=\"auto, (max-width: 300px) 100vw, 300px\" \/><\/a>Und der Sonntag war auch klasse. Der Ringelnatzlauf hat sich zu einem tollen Event f\u00fcr die ganze Familie gemausert. Und durch die professionelle, kompetente und sympathische Moderation von Roman Knoblauch war es wirklich ein sehr attraktives und unterhaltsames Sportevent. \u00dcbrigens findet im n\u00e4chsten Jahr der Ringelnatzlauf dann schon zum 10. Mal statt. Den 16.08.2020 sollte man sich im Kalender unbedingt vormerken. <!--more--><\/p>\n<p><a href=\"https:\/\/lfv-oberholz.de\/cms\/wp-content\/uploads\/67948956_1349939978504477_6389602934790815744_n.jpg\"><img loading=\"lazy\" decoding=\"async\" class=\"alignleft wp-image-7289 size-medium\" src=\"https:\/\/lfv-oberholz.de\/cms\/wp-content\/uploads\/67948956_1349939978504477_6389602934790815744_n-300x168.jpg\" alt=\"67948956_1349939978504477_6389602934790815744_n\" width=\"300\" height=\"168\" srcset=\"https:\/\/lfv-oberholz.de\/cms\/wp-content\/uploads\/67948956_1349939978504477_6389602934790815744_n-300x168.jpg 300w, https:\/\/lfv-oberholz.de\/cms\/wp-content\/uploads\/67948956_1349939978504477_6389602934790815744_n.jpg 960w\" sizes=\"auto, (max-width: 300px) 100vw, 300px\" \/><\/a>Der LFV Oberholz war in Wurzen gut vertreten. Mit Florian K\u00fchne (5 km, 3. Platz), Karsten Schubert (10 km, 2. Platz) und Olaf Uebersch\u00e4r (10 km, 3. Platz) haben es drei Sportler unseres Vereins sogar auf das Gesamtwertungstreppchen geschafft. Gl\u00fcckwunsch an alle Sieger und Platzierten!<\/p>\n<p>http:\/\/www.ringelnatzlauf.de\/ringelnatzlauf\/ergebnisse-aktuell<\/p>\n<p>http:\/\/www.triathlon-service.de\/ergebnisse<\/p>\n","protected":false},"excerpt":{"rendered":"<p>&#8211; von Ina Uebersch\u00e4r &#8211; Der Sommer ist kurz und damit die Triathlonsaison immer schnell vorbei. Am Samstag (10.08.2019) fand der Bornsdorf-Triathlon in Brandenburg bei Luckau statt. Aber der Ringelnatzlauf am Sonntag (11.08.2019) ist auch sch\u00f6n und mit Wurzen in &hellip; <a href=\"https:\/\/lfv-oberholz.de\/cms\/bornsdorf-triathlon-oder-ringelnatzlauf-oder-beides\/\">Weiterlesen <span class=\"meta-nav\">&rarr;<\/span><\/a><\/p>\n","protected":false},"author":6,"featured_media":0,"comment_status":"closed","ping_status":"closed","sticky":false,"template":"","format":"standard","meta":{"pgc_sgb_lightbox_settings":"","footnotes":""},"categories":[1],"tags":[],"class_list":["post-7286","post","type-post","status-publish","format-standard","hentry","category-allgemein"],"_links":{"self":[{"href":"https:\/\/lfv-oberholz.de\/cms\/wp-json\/wp\/v2\/posts\/7286","targetHints":{"allow":["GET"]}}],"collection":[{"href":"https:\/\/lfv-oberholz.de\/cms\/wp-json\/wp\/v2\/posts"}],"about":[{"href":"https:\/\/lfv-oberholz.de\/cms\/wp-json\/wp\/v2\/types\/post"}],"author":[{"embeddable":true,"href":"https:\/\/lfv-oberholz.de\/cms\/wp-json\/wp\/v2\/users\/6"}],"replies":[{"embeddable":true,"href":"https:\/\/lfv-oberholz.de\/cms\/wp-json\/wp\/v2\/comments?post=7286"}],"version-history":[{"count":0,"href":"https:\/\/lfv-oberholz.de\/cms\/wp-json\/wp\/v2\/posts\/7286\/revisions"}],"wp:attachment":[{"href":"https:\/\/lfv-oberholz.de\/cms\/wp-json\/wp\/v2\/media?parent=7286"}],"wp:term":[{"taxonomy":"category","embeddable":true,"href":"https:\/\/lfv-oberholz.de\/cms\/wp-json\/wp\/v2\/categories?post=7286"},{"taxonomy":"post_tag","embeddable":true,"href":"https:\/\/lfv-oberholz.de\/cms\/wp-json\/wp\/v2\/tags?post=7286"}],"curies":[{"name":"wp","href":"https:\/\/api.w.org\/{rel}","templated":true}]}}