{"id":7308,"date":"2019-08-17T23:18:36","date_gmt":"2019-08-17T21:18:36","guid":{"rendered":"http:\/\/lfv-oberholz.de\/cms\/?p=7308"},"modified":"2019-08-25T23:19:18","modified_gmt":"2019-08-25T21:19:18","slug":"der-100-er-in-leipzig","status":"publish","type":"post","link":"https:\/\/lfv-oberholz.de\/cms\/der-100-er-in-leipzig\/","title":{"rendered":"Der 100-er in Leipzig"},"content":{"rendered":"<p>&#8211; von Albrecht H\u00e4u\u00dfler &#8211;<\/p>\n<p>Inzwischen erholt, freue ich mich am 2. bew\u00e4ltigten 100-km-Lauf im Leipziger Norden am 17. August. Da ich sehr abgeschlagen Letzter wurde (das &#8222;abgeschlagen&#8220; habe ich so empfunden, aber nach der Ergebnisliste hatte ich zwei mit jeweils 5 Minuten Abstand noch &#8222;kurz&#8220; vor mir), war meine Euphorie gebremst. Da half auch nicht, dass ich im Ziel als erster (und einziger) meiner Altersgruppe begl\u00fcckw\u00fcnscht wurde. Rund 55 km konnte ich meinen Rhythmus recht unbeschwert halten. Dann wurden aus Erm\u00fcdung Schmerzen. Bis 65 km gab ich noch etwas Gas, dann ging es nur noch langsam vorw\u00e4rts. Im Start\/Ziel-Bereich und auch zwischendurch wurde ich sehr aufgemuntert. Bei der Zielankunft erhielt ich eine La-Ola-Welle von den Verbliebenen, darunter waren der Sieger Christian Jakob und einige Spitzenl\u00e4ufer, die weitere Auszeichnungen erhielten. Zu meiner \u00dcberraschung musste ich dann auch auf Treppchen, siehe oben. Die Stimmung war den ganzen Tag pr\u00e4chtig, Betreuung und die Verpflegung lie\u00dfen keine W\u00fcnsche offen. Herzlichen Dank an die Ausrichter vom LC Auensee! &#8211; Ein <a href=\"https:\/\/www.youtube.com\/watch?v=_6XgrxL1Vts\">Film von Jana Bieler<\/a> gibt die Stimmung er ersten H\u00e4lfte des Rennens gut wieder.<\/p>\n","protected":false},"excerpt":{"rendered":"<p>&#8211; von Albrecht H\u00e4u\u00dfler &#8211; Inzwischen erholt, freue ich mich am 2. bew\u00e4ltigten 100-km-Lauf im Leipziger Norden am 17. August. Da ich sehr abgeschlagen Letzter wurde (das &#8222;abgeschlagen&#8220; habe ich so empfunden, aber nach der Ergebnisliste hatte ich zwei mit &hellip; <a href=\"https:\/\/lfv-oberholz.de\/cms\/der-100-er-in-leipzig\/\">Weiterlesen <span class=\"meta-nav\">&rarr;<\/span><\/a><\/p>\n","protected":false},"author":6,"featured_media":0,"comment_status":"closed","ping_status":"closed","sticky":false,"template":"","format":"standard","meta":{"pgc_sgb_lightbox_settings":"","footnotes":""},"categories":[5],"tags":[],"class_list":["post-7308","post","type-post","status-publish","format-standard","hentry","category-leichtathletik"],"_links":{"self":[{"href":"https:\/\/lfv-oberholz.de\/cms\/wp-json\/wp\/v2\/posts\/7308","targetHints":{"allow":["GET"]}}],"collection":[{"href":"https:\/\/lfv-oberholz.de\/cms\/wp-json\/wp\/v2\/posts"}],"about":[{"href":"https:\/\/lfv-oberholz.de\/cms\/wp-json\/wp\/v2\/types\/post"}],"author":[{"embeddable":true,"href":"https:\/\/lfv-oberholz.de\/cms\/wp-json\/wp\/v2\/users\/6"}],"replies":[{"embeddable":true,"href":"https:\/\/lfv-oberholz.de\/cms\/wp-json\/wp\/v2\/comments?post=7308"}],"version-history":[{"count":0,"href":"https:\/\/lfv-oberholz.de\/cms\/wp-json\/wp\/v2\/posts\/7308\/revisions"}],"wp:attachment":[{"href":"https:\/\/lfv-oberholz.de\/cms\/wp-json\/wp\/v2\/media?parent=7308"}],"wp:term":[{"taxonomy":"category","embeddable":true,"href":"https:\/\/lfv-oberholz.de\/cms\/wp-json\/wp\/v2\/categories?post=7308"},{"taxonomy":"post_tag","embeddable":true,"href":"https:\/\/lfv-oberholz.de\/cms\/wp-json\/wp\/v2\/tags?post=7308"}],"curies":[{"name":"wp","href":"https:\/\/api.w.org\/{rel}","templated":true}]}}