{"id":7629,"date":"2019-10-28T13:01:24","date_gmt":"2019-10-28T12:01:24","guid":{"rendered":"http:\/\/lfv-oberholz.de\/cms\/?p=7629"},"modified":"2019-10-28T13:08:19","modified_gmt":"2019-10-28T12:08:19","slug":"herbstzeit-ist-laufzeit-und-laufen-geht-ueberall","status":"publish","type":"post","link":"https:\/\/lfv-oberholz.de\/cms\/herbstzeit-ist-laufzeit-und-laufen-geht-ueberall\/","title":{"rendered":"Herbstzeit ist Laufzeit und Laufen geht \u00fcberall"},"content":{"rendered":"<p>&#8211; von <a href=\"https:\/\/lfv-oberholz.de\/cms\/athleten\/ueberschaer-dr-ina\/\">Ina Uebersch\u00e4r<\/a> &#8211;<\/p>\n<p><img loading=\"lazy\" decoding=\"async\" class=\"size-medium wp-image-7630 alignleft\" src=\"https:\/\/lfv-oberholz.de\/cms\/wp-content\/uploads\/Laufflyer-von-Ina-Ueberschaer-171x300.png\" alt=\"Laufflyer von Ina Ueberschaer\" width=\"171\" height=\"300\" srcset=\"https:\/\/lfv-oberholz.de\/cms\/wp-content\/uploads\/Laufflyer-von-Ina-Ueberschaer-171x300.png 171w, https:\/\/lfv-oberholz.de\/cms\/wp-content\/uploads\/Laufflyer-von-Ina-Ueberschaer.png 350w\" sizes=\"auto, (max-width: 171px) 100vw, 171px\" \/>Am vergangenen Wochenende haben mein Mann und ich die Familie unseres \u00e4lteren Sohnes in M\u00fcnchen besucht. Am 19.10.2019 sind unsere 5j\u00e4hrige Enkeltochter, ihr Papa und ich beim Riem Arcaden Run 2019 in M\u00fcnchen gestartet. Der Bambinilauf ging \u00fcber 800 m, ich bin 5 km gelaufen. Es gab auch noch einen 10 km Lauf. Man konnte sich entscheiden, ob man mit oder ohne Zeitmessung laufen m\u00f6chte. Bei gew\u00fcnschter Zeitmessung erh\u00f6hte sich die Teilnahmegeb\u00fchr um 3 Euro.<\/p>\n<p>Der Lauf selbst startete an dem gro\u00dfen und attraktiven Einkaufszentrum der Riem Arcaden (danach waren wir auch noch shoppen) und ging dann durch einen sehr sch\u00f6n gestalteten Park. Hier war fr\u00fcher der M\u00fcnchner Flughafen Riem. Nach der p\u00fcnktlichen Fertigstellung (!) des neuen Flughafens im Jahre 1992 wurde auf dem Areal des alten Airports u.a. die Messe M\u00fcnchen, das Einkaufszentrum Riem Arcaden und der sch\u00f6ne Park mit Badesee angelegt bzw. errichtet.<\/p>\n<p>Durch den Lauf wurde auch die Bayerische Krebsgesellschaft unterst\u00fctzt. Pro Teilnehmer wurden 5 Euro an diese gespendet. Wir haben also etwas f\u00fcr unsere Gesundheit und Fitness getan, gemeinsam Spa\u00df gehabt und noch die die Bayerische Krebsgesellschaft finanziell unterst\u00fctzt.<\/p>\n<p><a href=\"https:\/\/my1.raceresult.com\/126618\/results?lang=de\">Ergebnisslink<\/a><\/p>\n<p>&#8230;<br \/>\nUnd an diesem Wochenende hatte ich in Sachen S\u00e4chsischer Sport\u00e4rztebund in Dresden zu tun. So bot sich ein Start im Rahmen des Dresden Marathons an. <!--more--><br \/>\nNach vielen Jahren ist es den Organisatoren endlich gelungen, die stetige Termin\u00fcberschneidung des Dresden-Marathons und des Magdeburg-Marathons zu beenden. Magdeburg hatte am vergangenen Wochenende sein Laufevent, Dresden am heutigen 27.10.2019.<\/p>\n<p>Ich bin die 10 km gelaufen. Es waren noch eine 4,2 km Laufstrecke (Zehntel-Marathon) sowie die volle und die halbe Marathondistanz im Angebot.<br \/>\nDie 10 km Strecke ging vom S\u00e4chsischen Landtag entlang der Elbe bis zur Waldschl\u00f6sschenbr\u00fccke und nach deren \u00dcberquerung auf der anderen Flussseite wieder zur\u00fcck. Es war eine touristisch und landschaftlich sehr sch\u00f6ne Strecke. Heftiger Gegenwind machte uns L\u00e4ufern allerdings auf der zweiten H\u00e4lfte das Leben etwas schwer. Umso bemerkenswerter ist daher, dass auf der Marathonstrecke ein neuer Streckenrekord aufgestellt wurde. Ein L\u00e4ufer aus Kenia ist bei der diesj\u00e4hrigen 21. Auflage des Dresden-Marathons die 42,195 Kilometer in 2:10:00 Stunden gelaufen und war so 21 Sekunden schneller als der bisherige Streckenrekordhalter.<\/p>\n<p>Die Stimmung am Start, an der Strecke und im Ziel waren sehr gut. Da k\u00f6nnen wir Leipziger uns noch etwas von den Dresdnern abschauen.<\/p>\n<p><a href=\"https:\/\/www.sportbuzzer.de\/artikel\/trotz-wind-streckenrekord-beim-dresden-marathon\/\">Link zu weiteren Infos<\/a><\/p>\n","protected":false},"excerpt":{"rendered":"<p>&#8211; von Ina Uebersch\u00e4r &#8211; Am vergangenen Wochenende haben mein Mann und ich die Familie unseres \u00e4lteren Sohnes in M\u00fcnchen besucht. Am 19.10.2019 sind unsere 5j\u00e4hrige Enkeltochter, ihr Papa und ich beim Riem Arcaden Run 2019 in M\u00fcnchen gestartet. Der &hellip; <a href=\"https:\/\/lfv-oberholz.de\/cms\/herbstzeit-ist-laufzeit-und-laufen-geht-ueberall\/\">Weiterlesen <span class=\"meta-nav\">&rarr;<\/span><\/a><\/p>\n","protected":false},"author":6,"featured_media":0,"comment_status":"closed","ping_status":"closed","sticky":false,"template":"","format":"standard","meta":{"pgc_sgb_lightbox_settings":"","footnotes":""},"categories":[5],"tags":[],"class_list":["post-7629","post","type-post","status-publish","format-standard","hentry","category-leichtathletik"],"_links":{"self":[{"href":"https:\/\/lfv-oberholz.de\/cms\/wp-json\/wp\/v2\/posts\/7629","targetHints":{"allow":["GET"]}}],"collection":[{"href":"https:\/\/lfv-oberholz.de\/cms\/wp-json\/wp\/v2\/posts"}],"about":[{"href":"https:\/\/lfv-oberholz.de\/cms\/wp-json\/wp\/v2\/types\/post"}],"author":[{"embeddable":true,"href":"https:\/\/lfv-oberholz.de\/cms\/wp-json\/wp\/v2\/users\/6"}],"replies":[{"embeddable":true,"href":"https:\/\/lfv-oberholz.de\/cms\/wp-json\/wp\/v2\/comments?post=7629"}],"version-history":[{"count":0,"href":"https:\/\/lfv-oberholz.de\/cms\/wp-json\/wp\/v2\/posts\/7629\/revisions"}],"wp:attachment":[{"href":"https:\/\/lfv-oberholz.de\/cms\/wp-json\/wp\/v2\/media?parent=7629"}],"wp:term":[{"taxonomy":"category","embeddable":true,"href":"https:\/\/lfv-oberholz.de\/cms\/wp-json\/wp\/v2\/categories?post=7629"},{"taxonomy":"post_tag","embeddable":true,"href":"https:\/\/lfv-oberholz.de\/cms\/wp-json\/wp\/v2\/tags?post=7629"}],"curies":[{"name":"wp","href":"https:\/\/api.w.org\/{rel}","templated":true}]}}