{"id":7685,"date":"2019-11-03T22:26:13","date_gmt":"2019-11-03T21:26:13","guid":{"rendered":"http:\/\/lfv-oberholz.de\/cms\/?p=7685"},"modified":"2019-12-04T22:27:32","modified_gmt":"2019-12-04T21:27:32","slug":"57-fockeberglauf-am-2-november","status":"publish","type":"post","link":"https:\/\/lfv-oberholz.de\/cms\/57-fockeberglauf-am-2-november\/","title":{"rendered":"57. Fockeberglauf am 2. November"},"content":{"rendered":"<p>Zwei Oberholzer Starter, zwei verschiedene Leistungsklassen, zwei Altersklassensieger beim h\u00e4rtesten Berglauf in Leipzig. Wir gratuieren zu den tollen Ergebnissen \u00fcber 12 km.<br \/>\n&#8211; Marc Werner zum 4. Platz ges. und 1. Platz M40 (0:47:58 h)<br \/>\n&#8211; Albrecht H\u00e4u\u00dfler zum 68. Platz ges. m\u00e4nnlich und 1. Platz M60 (1:05:09 h)<\/p>\n","protected":false},"excerpt":{"rendered":"<p>Zwei Oberholzer Starter, zwei verschiedene Leistungsklassen, zwei Altersklassensieger beim h\u00e4rtesten Berglauf in Leipzig. Wir gratuieren zu den tollen Ergebnissen \u00fcber 12 km. &#8211; Marc Werner zum 4. Platz ges. und 1. Platz M40 (0:47:58 h) &#8211; Albrecht H\u00e4u\u00dfler zum 68. &hellip; <a href=\"https:\/\/lfv-oberholz.de\/cms\/57-fockeberglauf-am-2-november\/\">Weiterlesen <span class=\"meta-nav\">&rarr;<\/span><\/a><\/p>\n","protected":false},"author":8,"featured_media":0,"comment_status":"closed","ping_status":"closed","sticky":false,"template":"","format":"standard","meta":{"pgc_sgb_lightbox_settings":"","footnotes":""},"categories":[5],"tags":[],"class_list":["post-7685","post","type-post","status-publish","format-standard","hentry","category-leichtathletik"],"_links":{"self":[{"href":"https:\/\/lfv-oberholz.de\/cms\/wp-json\/wp\/v2\/posts\/7685","targetHints":{"allow":["GET"]}}],"collection":[{"href":"https:\/\/lfv-oberholz.de\/cms\/wp-json\/wp\/v2\/posts"}],"about":[{"href":"https:\/\/lfv-oberholz.de\/cms\/wp-json\/wp\/v2\/types\/post"}],"author":[{"embeddable":true,"href":"https:\/\/lfv-oberholz.de\/cms\/wp-json\/wp\/v2\/users\/8"}],"replies":[{"embeddable":true,"href":"https:\/\/lfv-oberholz.de\/cms\/wp-json\/wp\/v2\/comments?post=7685"}],"version-history":[{"count":0,"href":"https:\/\/lfv-oberholz.de\/cms\/wp-json\/wp\/v2\/posts\/7685\/revisions"}],"wp:attachment":[{"href":"https:\/\/lfv-oberholz.de\/cms\/wp-json\/wp\/v2\/media?parent=7685"}],"wp:term":[{"taxonomy":"category","embeddable":true,"href":"https:\/\/lfv-oberholz.de\/cms\/wp-json\/wp\/v2\/categories?post=7685"},{"taxonomy":"post_tag","embeddable":true,"href":"https:\/\/lfv-oberholz.de\/cms\/wp-json\/wp\/v2\/tags?post=7685"}],"curies":[{"name":"wp","href":"https:\/\/api.w.org\/{rel}","templated":true}]}}