{"id":779,"date":"2015-07-20T16:17:48","date_gmt":"2015-07-20T14:17:48","guid":{"rendered":"http:\/\/lfv-oberholz.de\/cms\/?p=779"},"modified":"2015-09-03T20:32:34","modified_gmt":"2015-09-03T18:32:34","slug":"36-grad-und-es-wurde-noch-heisser-5-juli-2015","status":"publish","type":"post","link":"https:\/\/lfv-oberholz.de\/cms\/36-grad-und-es-wurde-noch-heisser-5-juli-2015\/","title":{"rendered":"36 Grad und es wurde noch hei\u00dfer: 5 Juli 2015"},"content":{"rendered":"<p>&#8211; von Ina Uebersch\u00e4r-<\/p>\n<p>Es war vielleicht das hei\u00dfeste Wochenende dieses Jahres. Triathlon geht da immer noch, macht da sogar besonders Spa\u00df, zumal ich ohne Besitz eines Neoprenanzugs ohnehin ein Sch\u00f6nwetter-Triathlet bin :-).<!--more--><br \/>\nOlaf startete beim Geiseltaltriathlon, ich am gleichen Tag in Storkow. Ich w\u00e4hlte mir Storkow aus, da ich Bad Saarow, das ganz in der N\u00e4he liegt, sehr mag. Dies ist immer ein kleiner Urlaub zwischendurch. Au\u00dferdem gibt es in Storkow eine Altersklassenwertung, beim Geiseltaltriathlon nicht. Sehr froh war ich, dass ich mich f\u00fcr die Sprintdistanz angemeldet hatte, die olympische Distanz w\u00e4re mir bei der Hitze echt zu viel gewesen.<br \/>\nEs war wirklich sehr hei\u00df und weite Strecken auf dem Rad und beim Lauf direkt in der Sonne liegend, da aber beim Laufen aller Kilometer ein Getr\u00e4nkepunkt und zwischendurch auch Duschen vorhanden waren, konnte man sich ausreichend erfrischen: kaltes Wasser auf den Kopf und viel trinken! Es hat am Ende wieder zum AK-Sieg gereicht.<br \/>\nNoch anstrengender als der Wettkampf selbst war bei der R\u00fcckfahrt eine l\u00e4ngere Vollsperrung der Autobahn bei 39 Grad.<br \/>\nAuch Olaf war bei \u201eseinem Wetter\u201c im Rahmen des Geiseltaltriathlons erfolgreich. Er belegte dort den zweiten Platz der Gesamtwertung hinter dem Hallenser Bundesliga-Athleten Jonas Meyer und vor Martin Fischer von den Trimagos Magdeburg auf Platz 3. Mit seinem Sieg beim olympischen Triathlon in Neuruppin eine Woche zuvor konnte er somit insgesamt gut in die diesj\u00e4hrige Saison starten. Wir hoffen nun gemeinsam auf weitere sch\u00f6ne Wettk\u00e4mpfe mit guten Platzierungen.\u00a0 Allerdings bleibt der Wermutstropfen, dass Renate leider infolge ihrer hartn\u00e4ckigen Fu\u00dfverletzung derzeit keine Wettk\u00e4mpfe bestreiten kann.<\/p>\n<p>zu den Ergebnissen:<br \/>\n<a href=\"http:\/\/www.triathlon-service.de\/ergebnisse\/liste.php?nr=5221\">Storkow<br \/>\n<\/a><a href=\"http:\/\/www.tc-merseburg.de\/download.php?f=5cd2cf8702c8e30184070acb48f7402e&amp;target=0\">Geiseltal<br \/>\n<\/a><a href=\"http:\/\/www.triathlon-service.de\/ergebnisse\/liste.php?nr=5192\">Neuruppin<\/a><\/p>\n","protected":false},"excerpt":{"rendered":"<p>&#8211; von Ina Uebersch\u00e4r- Es war vielleicht das hei\u00dfeste Wochenende dieses Jahres. Triathlon geht da immer noch, macht da sogar besonders Spa\u00df, zumal ich ohne Besitz eines Neoprenanzugs ohnehin ein Sch\u00f6nwetter-Triathlet bin :-).<\/p>\n","protected":false},"author":5,"featured_media":0,"comment_status":"closed","ping_status":"closed","sticky":false,"template":"","format":"standard","meta":{"pgc_sgb_lightbox_settings":"","footnotes":""},"categories":[1,9],"tags":[],"class_list":["post-779","post","type-post","status-publish","format-standard","hentry","category-allgemein","category-triathlon"],"_links":{"self":[{"href":"https:\/\/lfv-oberholz.de\/cms\/wp-json\/wp\/v2\/posts\/779","targetHints":{"allow":["GET"]}}],"collection":[{"href":"https:\/\/lfv-oberholz.de\/cms\/wp-json\/wp\/v2\/posts"}],"about":[{"href":"https:\/\/lfv-oberholz.de\/cms\/wp-json\/wp\/v2\/types\/post"}],"author":[{"embeddable":true,"href":"https:\/\/lfv-oberholz.de\/cms\/wp-json\/wp\/v2\/users\/5"}],"replies":[{"embeddable":true,"href":"https:\/\/lfv-oberholz.de\/cms\/wp-json\/wp\/v2\/comments?post=779"}],"version-history":[{"count":0,"href":"https:\/\/lfv-oberholz.de\/cms\/wp-json\/wp\/v2\/posts\/779\/revisions"}],"wp:attachment":[{"href":"https:\/\/lfv-oberholz.de\/cms\/wp-json\/wp\/v2\/media?parent=779"}],"wp:term":[{"taxonomy":"category","embeddable":true,"href":"https:\/\/lfv-oberholz.de\/cms\/wp-json\/wp\/v2\/categories?post=779"},{"taxonomy":"post_tag","embeddable":true,"href":"https:\/\/lfv-oberholz.de\/cms\/wp-json\/wp\/v2\/tags?post=779"}],"curies":[{"name":"wp","href":"https:\/\/api.w.org\/{rel}","templated":true}]}}