{"id":821,"date":"2015-11-04T19:57:59","date_gmt":"2015-11-04T18:57:59","guid":{"rendered":"http:\/\/lfv-oberholz.de\/cms\/?p=821"},"modified":"2015-11-04T19:57:59","modified_gmt":"2015-11-04T18:57:59","slug":"herbert-gessner-crosslauf-am-1-november-in-bad-duerrenberg","status":"publish","type":"post","link":"https:\/\/lfv-oberholz.de\/cms\/herbert-gessner-crosslauf-am-1-november-in-bad-duerrenberg\/","title":{"rendered":"Herbert-Ge\u00dfner-Crosslauf am 1. November in Bad D\u00fcrrenberg"},"content":{"rendered":"<p>Eine kleine aber sch\u00f6ne Laufveranstaltung fand erneut seine Auflage. Drei Kinder\u00a0 sowie 2 Erwachsene vertraten hier den LFV Oberholz. Bei sch\u00f6nstem Wetter, Sonnenschein, Temperaturen bei 12 Grad, trockenem Boden, sollte das doch ein sch\u00f6ner Lauftag werden.<br \/>\n<img loading=\"lazy\" decoding=\"async\" class=\"alignnone size-medium wp-image-825\" src=\"https:\/\/lfv-oberholz.de\/cms\/wp-content\/uploads\/DSC_0036-300x168.jpg\" alt=\"DSC_0036\" width=\"300\" height=\"168\" srcset=\"https:\/\/lfv-oberholz.de\/cms\/wp-content\/uploads\/DSC_0036-300x168.jpg 300w, https:\/\/lfv-oberholz.de\/cms\/wp-content\/uploads\/DSC_0036-1024x576.jpg 1024w\" sizes=\"auto, (max-width: 300px) 100vw, 300px\" \/><!--more--><br \/>\nPascal Bauer, startete mit 4 Jahren als j\u00fcngster unserer Gruppe gleich zu Beginn \u00fcber 400 m.<br \/>\n<img loading=\"lazy\" decoding=\"async\" class=\"alignnone size-medium wp-image-828\" src=\"https:\/\/lfv-oberholz.de\/cms\/wp-content\/uploads\/DSC_0011-300x168.jpg\" alt=\"DSC_0011\" width=\"300\" height=\"168\" srcset=\"https:\/\/lfv-oberholz.de\/cms\/wp-content\/uploads\/DSC_0011-300x168.jpg 300w, https:\/\/lfv-oberholz.de\/cms\/wp-content\/uploads\/DSC_0011-1024x576.jpg 1024w\" sizes=\"auto, (max-width: 300px) 100vw, 300px\" \/>\u00a0<img loading=\"lazy\" decoding=\"async\" class=\"alignnone size-medium wp-image-829\" src=\"https:\/\/lfv-oberholz.de\/cms\/wp-content\/uploads\/DSC_0012-300x168.jpg\" alt=\"DSC_0012\" width=\"300\" height=\"168\" srcset=\"https:\/\/lfv-oberholz.de\/cms\/wp-content\/uploads\/DSC_0012-300x168.jpg 300w, https:\/\/lfv-oberholz.de\/cms\/wp-content\/uploads\/DSC_0012-1024x576.jpg 1024w\" sizes=\"auto, (max-width: 300px) 100vw, 300px\" \/><br \/>\nDabei siegte er bei den Jungen.<br \/>\n<img loading=\"lazy\" decoding=\"async\" class=\"alignnone size-medium wp-image-826\" src=\"https:\/\/lfv-oberholz.de\/cms\/wp-content\/uploads\/DSC_0015-300x168.jpg\" alt=\"DSC_0015\" width=\"300\" height=\"168\" srcset=\"https:\/\/lfv-oberholz.de\/cms\/wp-content\/uploads\/DSC_0015-300x168.jpg 300w, https:\/\/lfv-oberholz.de\/cms\/wp-content\/uploads\/DSC_0015-1024x576.jpg 1024w\" sizes=\"auto, (max-width: 300px) 100vw, 300px\" \/><br \/>\nAurelia Haas sowie Tara Liedtke durften anschlie\u00dfend am 800 m-Lauf teilhaben. Tara f\u00fchrte von an Beginn das L\u00e4uferfeld an.<br \/>\n<img loading=\"lazy\" decoding=\"async\" class=\"alignnone size-medium wp-image-827\" src=\"https:\/\/lfv-oberholz.de\/cms\/wp-content\/uploads\/DSC_0022-300x168.jpg\" alt=\"DSC_0022\" width=\"300\" height=\"168\" srcset=\"https:\/\/lfv-oberholz.de\/cms\/wp-content\/uploads\/DSC_0022-300x168.jpg 300w, https:\/\/lfv-oberholz.de\/cms\/wp-content\/uploads\/DSC_0022-1024x576.jpg 1024w\" sizes=\"auto, (max-width: 300px) 100vw, 300px\" \/>\u00a0<br \/>\n<img loading=\"lazy\" decoding=\"async\" class=\"alignnone size-medium wp-image-827\" src=\"https:\/\/lfv-oberholz.de\/cms\/wp-content\/uploads\/DSC_0022-300x168.jpg\" alt=\"DSC_0022\" width=\"300\" height=\"168\" srcset=\"https:\/\/lfv-oberholz.de\/cms\/wp-content\/uploads\/DSC_0022-300x168.jpg 300w, https:\/\/lfv-oberholz.de\/cms\/wp-content\/uploads\/DSC_0022-1024x576.jpg 1024w\" sizes=\"auto, (max-width: 300px) 100vw, 300px\" \/>\u00a0Aurelia siegte in ihrer Altersklasse.<\/p>\n<p>Bei den Herren konnte Alexander Jurczok seine Leistung unter Beweis stellen. Er lief als dritter der Herren im Ziel ein und holte sich dabei Platz zwei seiner AK. Jan Edel, Gaststarter f\u00fcr den LFV belegte bei den Herren ab 41 Rang drei.<\/p>\n<p>Wir gratulieren zu nachstehenden Ergebnissen:<\/p>\n<p>0,4 km<br \/>\n2:01,9 min, Pascal Bauer, Platz 1 AK U6 m\u00e4nnlich<\/p>\n<p>0,8 km (? 1km)<br \/>\n5:25,9 min, Tara Liedtke, Platz 1 AK U9 weiblich<br \/>\n5:41,8 min, Aurelia Haas, Platz 1 AK\u00a0 U8 weiblich<\/p>\n<p>10,4 km<br \/>\n40:02,3 min, Alexander Jurczok, Platz 2 AK H21, Platz 3 ges.<br \/>\n44:04,5 min, Jan Edel, Platz 3 AK H41, Platz 9 ges.<\/p>\n","protected":false},"excerpt":{"rendered":"<p>Eine kleine aber sch\u00f6ne Laufveranstaltung fand erneut seine Auflage. Drei Kinder\u00a0 sowie 2 Erwachsene vertraten hier den LFV Oberholz. Bei sch\u00f6nstem Wetter, Sonnenschein, Temperaturen bei 12 Grad, trockenem Boden, sollte das doch ein sch\u00f6ner Lauftag werden.<\/p>\n","protected":false},"author":6,"featured_media":0,"comment_status":"closed","ping_status":"closed","sticky":false,"template":"","format":"standard","meta":{"pgc_sgb_lightbox_settings":"","footnotes":""},"categories":[1],"tags":[],"class_list":["post-821","post","type-post","status-publish","format-standard","hentry","category-allgemein"],"_links":{"self":[{"href":"https:\/\/lfv-oberholz.de\/cms\/wp-json\/wp\/v2\/posts\/821","targetHints":{"allow":["GET"]}}],"collection":[{"href":"https:\/\/lfv-oberholz.de\/cms\/wp-json\/wp\/v2\/posts"}],"about":[{"href":"https:\/\/lfv-oberholz.de\/cms\/wp-json\/wp\/v2\/types\/post"}],"author":[{"embeddable":true,"href":"https:\/\/lfv-oberholz.de\/cms\/wp-json\/wp\/v2\/users\/6"}],"replies":[{"embeddable":true,"href":"https:\/\/lfv-oberholz.de\/cms\/wp-json\/wp\/v2\/comments?post=821"}],"version-history":[{"count":0,"href":"https:\/\/lfv-oberholz.de\/cms\/wp-json\/wp\/v2\/posts\/821\/revisions"}],"wp:attachment":[{"href":"https:\/\/lfv-oberholz.de\/cms\/wp-json\/wp\/v2\/media?parent=821"}],"wp:term":[{"taxonomy":"category","embeddable":true,"href":"https:\/\/lfv-oberholz.de\/cms\/wp-json\/wp\/v2\/categories?post=821"},{"taxonomy":"post_tag","embeddable":true,"href":"https:\/\/lfv-oberholz.de\/cms\/wp-json\/wp\/v2\/tags?post=821"}],"curies":[{"name":"wp","href":"https:\/\/api.w.org\/{rel}","templated":true}]}}