{"id":9164,"date":"2021-08-16T21:58:58","date_gmt":"2021-08-16T19:58:58","guid":{"rendered":"http:\/\/lfv-oberholz.de\/cms\/?p=9164"},"modified":"2021-08-25T01:16:57","modified_gmt":"2021-08-24T23:16:57","slug":"oberholzer-beim-ringelnatzlauf-in-wurzen","status":"publish","type":"post","link":"https:\/\/lfv-oberholz.de\/cms\/oberholzer-beim-ringelnatzlauf-in-wurzen\/","title":{"rendered":"Oberholzer beim Ringelnatzlauf in Wurzen"},"content":{"rendered":"<p><a href=\"https:\/\/lfv-oberholz.de\/cms\/wp-content\/uploads\/FB_IMG_1629570303866.jpg\"><img loading=\"lazy\" decoding=\"async\" class=\"alignright wp-image-9273\" src=\"https:\/\/lfv-oberholz.de\/cms\/wp-content\/uploads\/FB_IMG_1629570303866-300x300.jpg\" alt=\"FB_IMG_1629570303866\" width=\"223\" height=\"223\" srcset=\"https:\/\/lfv-oberholz.de\/cms\/wp-content\/uploads\/FB_IMG_1629570303866-300x300.jpg 300w, https:\/\/lfv-oberholz.de\/cms\/wp-content\/uploads\/FB_IMG_1629570303866-150x150.jpg 150w, https:\/\/lfv-oberholz.de\/cms\/wp-content\/uploads\/FB_IMG_1629570303866-1024x1024.jpg 1024w, https:\/\/lfv-oberholz.de\/cms\/wp-content\/uploads\/FB_IMG_1629570303866.jpg 1080w\" sizes=\"auto, (max-width: 223px) 100vw, 223px\" \/><\/a>Am 15. August fand der Wurzner Ringelnatzlauf seine neunte Auflage. Diese Laufgelegenheit wollten sich einige unserer Athleten nat\u00fcrlich nicht nehmen lassen. Bei Sonnenschein starteten auf dem Marktplatz verschiedenste Laufwettbewerbe. Marc Werner und Olaf Uebersch\u00e4r waren \u00fcber zehm km im Spitzenquartett dabei. Marc musste sich nur Marcus Sch\u00f6fisch geschlagen geben und lief als zweiter ins Ziel. Olaf trennte wiederum nur ein L\u00e4ufer von Marc. Er lief nach Robert Mbela als vierter durch den Zielbogen. Manfred Thomas erk\u00e4mpfte sich auf gleicher Distanz Platz drei bei den Herren ab 60 Jahren.<br \/>\nElias Werner siegte beim Kinderlauf \u00fcber 2,4 km. Zudem holte sich unsere Staffel <!--more-->(Sponor 4G-Sportpark Nischwitz), besetzt mit Marc Werner, Jonas Zschiesche und Henri Leuschner, den Siegertitel beim Staffellauf.<\/p>\n<p>Wir gratulieren euch zu diesen Leistungen.<\/p>\n<p>Folgend die Ergebnisse:<\/p>\n<p>\u00fcber 2,4 km<br \/>\n9:45 min, Elias Werner, 1. Platz ges. (AK 9-10)<\/p>\n<p>in der Staffel 4x 2,5 km<br \/>\n38:10 min, &#8222;4G-Sportpark Nischwitz&#8220;, 1. Platz ges.<br \/>\nMarc Werner (8:52 min) -&gt; Jonas Zschiesche (9:23 min)\u00a0 -&gt; Henri Leuschner (9:54 min) -&gt; Jonas Zschiesche (10:00 min)<\/p>\n<p>beim 10 km Lauf<br \/>\n36:12 min, Marc Werner, 2. Platz ges., 1. Platz AK M40<br \/>\n36:31 min, <a href=\"https:\/\/lfv-oberholz.de\/cms\/athleten\/ueberschaer-dr-olaf\/\">Olaf Uebersch\u00e4r<\/a>, 4. Platz ges., 1. Platz AK M35<br \/>\n49:45 min, Manfred Thomas, 49. Platz ges. m, 3. Platz M60<\/p>\n<p><a href=\"https:\/\/lfv-oberholz.de\/cms\/wp-content\/uploads\/FB_IMG_1629491481866.jpg\"><img loading=\"lazy\" decoding=\"async\" class=\"alignnone wp-image-9274 size-medium\" src=\"https:\/\/lfv-oberholz.de\/cms\/wp-content\/uploads\/FB_IMG_1629491481866-300x200.jpg\" alt=\"FB_IMG_1629491481866\" width=\"300\" height=\"200\" srcset=\"https:\/\/lfv-oberholz.de\/cms\/wp-content\/uploads\/FB_IMG_1629491481866-300x200.jpg 300w, https:\/\/lfv-oberholz.de\/cms\/wp-content\/uploads\/FB_IMG_1629491481866-1024x682.jpg 1024w, https:\/\/lfv-oberholz.de\/cms\/wp-content\/uploads\/FB_IMG_1629491481866.jpg 1080w\" sizes=\"auto, (max-width: 300px) 100vw, 300px\" \/><\/a> <a href=\"https:\/\/lfv-oberholz.de\/cms\/wp-content\/uploads\/FB_IMG_1629491588570.jpg\"><img loading=\"lazy\" decoding=\"async\" class=\"alignnone wp-image-9275 size-medium\" src=\"https:\/\/lfv-oberholz.de\/cms\/wp-content\/uploads\/FB_IMG_1629491588570-300x200.jpg\" alt=\"FB_IMG_1629491588570\" width=\"300\" height=\"200\" srcset=\"https:\/\/lfv-oberholz.de\/cms\/wp-content\/uploads\/FB_IMG_1629491588570-300x200.jpg 300w, https:\/\/lfv-oberholz.de\/cms\/wp-content\/uploads\/FB_IMG_1629491588570-1024x682.jpg 1024w, https:\/\/lfv-oberholz.de\/cms\/wp-content\/uploads\/FB_IMG_1629491588570.jpg 1080w\" sizes=\"auto, (max-width: 300px) 100vw, 300px\" \/><\/a> <a href=\"https:\/\/lfv-oberholz.de\/cms\/wp-content\/uploads\/FB_IMG_1629491619821.jpg\"><img loading=\"lazy\" decoding=\"async\" class=\"alignnone wp-image-9276 size-medium\" src=\"https:\/\/lfv-oberholz.de\/cms\/wp-content\/uploads\/FB_IMG_1629491619821-300x200.jpg\" alt=\"FB_IMG_1629491619821\" width=\"300\" height=\"200\" srcset=\"https:\/\/lfv-oberholz.de\/cms\/wp-content\/uploads\/FB_IMG_1629491619821-300x200.jpg 300w, https:\/\/lfv-oberholz.de\/cms\/wp-content\/uploads\/FB_IMG_1629491619821-1024x682.jpg 1024w, https:\/\/lfv-oberholz.de\/cms\/wp-content\/uploads\/FB_IMG_1629491619821.jpg 1080w\" sizes=\"auto, (max-width: 300px) 100vw, 300px\" \/><\/a> <a href=\"https:\/\/lfv-oberholz.de\/cms\/wp-content\/uploads\/FB_IMG_1629491659300.jpg\"><img loading=\"lazy\" decoding=\"async\" class=\"alignnone wp-image-9277 size-medium\" src=\"https:\/\/lfv-oberholz.de\/cms\/wp-content\/uploads\/FB_IMG_1629491659300-300x200.jpg\" alt=\"FB_IMG_1629491659300\" width=\"300\" height=\"200\" srcset=\"https:\/\/lfv-oberholz.de\/cms\/wp-content\/uploads\/FB_IMG_1629491659300-300x200.jpg 300w, https:\/\/lfv-oberholz.de\/cms\/wp-content\/uploads\/FB_IMG_1629491659300-1024x682.jpg 1024w, https:\/\/lfv-oberholz.de\/cms\/wp-content\/uploads\/FB_IMG_1629491659300.jpg 1080w\" sizes=\"auto, (max-width: 300px) 100vw, 300px\" \/><\/a> <a href=\"https:\/\/lfv-oberholz.de\/cms\/wp-content\/uploads\/FB_IMG_1629491734175.jpg\"><img loading=\"lazy\" decoding=\"async\" class=\"alignnone wp-image-9278 size-medium\" src=\"https:\/\/lfv-oberholz.de\/cms\/wp-content\/uploads\/FB_IMG_1629491734175-300x200.jpg\" alt=\"FB_IMG_1629491734175\" width=\"300\" height=\"200\" srcset=\"https:\/\/lfv-oberholz.de\/cms\/wp-content\/uploads\/FB_IMG_1629491734175-300x200.jpg 300w, https:\/\/lfv-oberholz.de\/cms\/wp-content\/uploads\/FB_IMG_1629491734175-1024x682.jpg 1024w, https:\/\/lfv-oberholz.de\/cms\/wp-content\/uploads\/FB_IMG_1629491734175.jpg 1080w\" sizes=\"auto, (max-width: 300px) 100vw, 300px\" \/><\/a> <a href=\"https:\/\/lfv-oberholz.de\/cms\/wp-content\/uploads\/FB_IMG_1629491750424.jpg\"><img loading=\"lazy\" decoding=\"async\" class=\"alignnone wp-image-9279 size-medium\" src=\"https:\/\/lfv-oberholz.de\/cms\/wp-content\/uploads\/FB_IMG_1629491750424-300x200.jpg\" alt=\"FB_IMG_1629491750424\" width=\"300\" height=\"200\" srcset=\"https:\/\/lfv-oberholz.de\/cms\/wp-content\/uploads\/FB_IMG_1629491750424-300x200.jpg 300w, https:\/\/lfv-oberholz.de\/cms\/wp-content\/uploads\/FB_IMG_1629491750424-1024x682.jpg 1024w, https:\/\/lfv-oberholz.de\/cms\/wp-content\/uploads\/FB_IMG_1629491750424.jpg 1080w\" sizes=\"auto, (max-width: 300px) 100vw, 300px\" \/><\/a> <a href=\"https:\/\/lfv-oberholz.de\/cms\/wp-content\/uploads\/FB_IMG_1629492025293.jpg\"><img loading=\"lazy\" decoding=\"async\" class=\"alignnone wp-image-9280 size-medium\" src=\"https:\/\/lfv-oberholz.de\/cms\/wp-content\/uploads\/FB_IMG_1629492025293-300x199.jpg\" alt=\"FB_IMG_1629492025293\" width=\"300\" height=\"199\" srcset=\"https:\/\/lfv-oberholz.de\/cms\/wp-content\/uploads\/FB_IMG_1629492025293-300x199.jpg 300w, https:\/\/lfv-oberholz.de\/cms\/wp-content\/uploads\/FB_IMG_1629492025293-1024x682.jpg 1024w, https:\/\/lfv-oberholz.de\/cms\/wp-content\/uploads\/FB_IMG_1629492025293.jpg 2000w\" sizes=\"auto, (max-width: 300px) 100vw, 300px\" \/><\/a> <a href=\"https:\/\/lfv-oberholz.de\/cms\/wp-content\/uploads\/FB_IMG_1629492041288.jpg\"><img loading=\"lazy\" decoding=\"async\" class=\"alignnone wp-image-9281 size-medium\" src=\"https:\/\/lfv-oberholz.de\/cms\/wp-content\/uploads\/FB_IMG_1629492041288-300x199.jpg\" alt=\"FB_IMG_1629492041288\" width=\"300\" height=\"199\" srcset=\"https:\/\/lfv-oberholz.de\/cms\/wp-content\/uploads\/FB_IMG_1629492041288-300x199.jpg 300w, https:\/\/lfv-oberholz.de\/cms\/wp-content\/uploads\/FB_IMG_1629492041288-1024x682.jpg 1024w, https:\/\/lfv-oberholz.de\/cms\/wp-content\/uploads\/FB_IMG_1629492041288.jpg 2000w\" sizes=\"auto, (max-width: 300px) 100vw, 300px\" \/><\/a> <a href=\"https:\/\/lfv-oberholz.de\/cms\/wp-content\/uploads\/FB_IMG_1629492058321.jpg\"><img loading=\"lazy\" decoding=\"async\" class=\"alignnone wp-image-9282 size-medium\" src=\"https:\/\/lfv-oberholz.de\/cms\/wp-content\/uploads\/FB_IMG_1629492058321-300x199.jpg\" alt=\"FB_IMG_1629492058321\" width=\"300\" height=\"199\" srcset=\"https:\/\/lfv-oberholz.de\/cms\/wp-content\/uploads\/FB_IMG_1629492058321-300x199.jpg 300w, https:\/\/lfv-oberholz.de\/cms\/wp-content\/uploads\/FB_IMG_1629492058321-1024x682.jpg 1024w, https:\/\/lfv-oberholz.de\/cms\/wp-content\/uploads\/FB_IMG_1629492058321.jpg 2000w\" sizes=\"auto, (max-width: 300px) 100vw, 300px\" \/><\/a> <a href=\"https:\/\/lfv-oberholz.de\/cms\/wp-content\/uploads\/FB_IMG_1629492080289.jpg\"><img loading=\"lazy\" decoding=\"async\" class=\"alignnone wp-image-9283 size-medium\" src=\"https:\/\/lfv-oberholz.de\/cms\/wp-content\/uploads\/FB_IMG_1629492080289-300x199.jpg\" alt=\"FB_IMG_1629492080289\" width=\"300\" height=\"199\" srcset=\"https:\/\/lfv-oberholz.de\/cms\/wp-content\/uploads\/FB_IMG_1629492080289-300x199.jpg 300w, https:\/\/lfv-oberholz.de\/cms\/wp-content\/uploads\/FB_IMG_1629492080289-1024x682.jpg 1024w, https:\/\/lfv-oberholz.de\/cms\/wp-content\/uploads\/FB_IMG_1629492080289.jpg 2000w\" sizes=\"auto, (max-width: 300px) 100vw, 300px\" \/><\/a> <a href=\"https:\/\/lfv-oberholz.de\/cms\/wp-content\/uploads\/FB_IMG_1629492341410.jpg\"><img loading=\"lazy\" decoding=\"async\" class=\"alignnone wp-image-9284 size-medium\" src=\"https:\/\/lfv-oberholz.de\/cms\/wp-content\/uploads\/FB_IMG_1629492341410-300x199.jpg\" alt=\"FB_IMG_1629492341410\" width=\"300\" height=\"199\" srcset=\"https:\/\/lfv-oberholz.de\/cms\/wp-content\/uploads\/FB_IMG_1629492341410-300x199.jpg 300w, https:\/\/lfv-oberholz.de\/cms\/wp-content\/uploads\/FB_IMG_1629492341410-1024x682.jpg 1024w, https:\/\/lfv-oberholz.de\/cms\/wp-content\/uploads\/FB_IMG_1629492341410.jpg 2000w\" sizes=\"auto, (max-width: 300px) 100vw, 300px\" \/><\/a><\/p>\n","protected":false},"excerpt":{"rendered":"<p>Am 15. August fand der Wurzner Ringelnatzlauf seine neunte Auflage. Diese Laufgelegenheit wollten sich einige unserer Athleten nat\u00fcrlich nicht nehmen lassen. Bei Sonnenschein starteten auf dem Marktplatz verschiedenste Laufwettbewerbe. Marc Werner und Olaf Uebersch\u00e4r waren \u00fcber zehm km im Spitzenquartett &hellip; <a href=\"https:\/\/lfv-oberholz.de\/cms\/oberholzer-beim-ringelnatzlauf-in-wurzen\/\">Weiterlesen <span class=\"meta-nav\">&rarr;<\/span><\/a><\/p>\n","protected":false},"author":8,"featured_media":0,"comment_status":"closed","ping_status":"closed","sticky":false,"template":"","format":"standard","meta":{"pgc_sgb_lightbox_settings":"","footnotes":""},"categories":[5],"tags":[],"class_list":["post-9164","post","type-post","status-publish","format-standard","hentry","category-leichtathletik"],"_links":{"self":[{"href":"https:\/\/lfv-oberholz.de\/cms\/wp-json\/wp\/v2\/posts\/9164","targetHints":{"allow":["GET"]}}],"collection":[{"href":"https:\/\/lfv-oberholz.de\/cms\/wp-json\/wp\/v2\/posts"}],"about":[{"href":"https:\/\/lfv-oberholz.de\/cms\/wp-json\/wp\/v2\/types\/post"}],"author":[{"embeddable":true,"href":"https:\/\/lfv-oberholz.de\/cms\/wp-json\/wp\/v2\/users\/8"}],"replies":[{"embeddable":true,"href":"https:\/\/lfv-oberholz.de\/cms\/wp-json\/wp\/v2\/comments?post=9164"}],"version-history":[{"count":0,"href":"https:\/\/lfv-oberholz.de\/cms\/wp-json\/wp\/v2\/posts\/9164\/revisions"}],"wp:attachment":[{"href":"https:\/\/lfv-oberholz.de\/cms\/wp-json\/wp\/v2\/media?parent=9164"}],"wp:term":[{"taxonomy":"category","embeddable":true,"href":"https:\/\/lfv-oberholz.de\/cms\/wp-json\/wp\/v2\/categories?post=9164"},{"taxonomy":"post_tag","embeddable":true,"href":"https:\/\/lfv-oberholz.de\/cms\/wp-json\/wp\/v2\/tags?post=9164"}],"curies":[{"name":"wp","href":"https:\/\/api.w.org\/{rel}","templated":true}]}}